{"id":42176,"date":"2024-09-12T09:30:21","date_gmt":"2024-09-12T09:30:21","guid":{"rendered":"https:\/\/praxas.com\/koennen-wir-die-temperaturueberwachung-von-medikamenten-in-gesundheitseinrichtungen-effizienter-gestalten\/"},"modified":"2025-06-24T15:55:35","modified_gmt":"2025-06-24T15:55:35","slug":"koennen-wir-die-temperaturueberwachung-von-medikamenten-in-gesundheitseinrichtungen-effizienter-gestalten","status":"publish","type":"post","link":"https:\/\/praxas.com\/de\/koennen-wir-die-temperaturueberwachung-von-medikamenten-in-gesundheitseinrichtungen-effizienter-gestalten\/","title":{"rendered":"K\u00f6nnen wir die Temperatur\u00fcberwachung von Medikamenten in Gesundheitseinrichtungen effizienter gestalten?"},"content":{"rendered":"\n<p><em>In Einrichtungen des Gesundheitswesens wird die Temperatur von Medikamenten in K\u00fchlschr\u00e4nken oft manuell aufgezeichnet.\nIn der Praxis bedeutet dies, dass ein Mitarbeiter der Einrichtung jeden Tag alle K\u00fchlschr\u00e4nke durchgeht, um die Temperatur der Medikamente zu \u00fcberpr\u00fcfen und aufzuzeichnen.\nDiese Daten werden dann manuell in das System eingegeben.\nF\u00fcr Einrichtungen des Gesundheitswesens mit mehreren Standorten ist dies ein umst\u00e4ndlicher, zeitaufw\u00e4ndiger und daher teurer Prozess.\nPraxas ist der Ansicht, dass dies effizienter durchgef\u00fchrt werden kann.\nIn dieser Praxisstudie zeigen wir, wie Einrichtungen des Gesundheitswesens ihre Effizienz durch die digitale Zentralisierung von Daten erheblich steigern k\u00f6nnen.  <\/em><\/p>\n\n<div style=\"height:25px\" aria-hidden=\"true\" class=\"wp-block-spacer\"><\/div>\n\n<h2 class=\"wp-block-heading has-text-color has-link-color wp-elements-cfa169045bcd1558f2a563c2a39e7b21\" style=\"color:#075e8d\">Hintergrund des Praxisfalls<\/h2>\n\n<p>Wie viele andere Einrichtungen ist die Gesundheitseinrichtung, um die es in diesem Fall geht, nicht nur f\u00fcr die t\u00e4gliche Pflege ihrer Bewohner zust\u00e4ndig, sondern auch f\u00fcr die Verabreichung von Medikamenten.\nDie Organisation befindet sich zentral im Land und es gibt 11 Standorte.\nJedem Standort ist ein behandelnder Arzt zugeordnet und die Lagerung der Medikamente erfolgt pro Standort.\nManchmal werden Medikamente von einem der Standorte zu einem anderen transportiert.\nEs wird viel Wert auf die \u00dcberwachung und Aufzeichnung der Temperatur der Medikamente gelegt, um strenge interne und externe Qualit\u00e4tsanforderungen zu erf\u00fcllen.  <\/p>\n\n<div style=\"height:25px\" aria-hidden=\"true\" class=\"wp-block-spacer\"><\/div>\n\n<h2 class=\"wp-block-heading has-text-color has-link-color wp-elements-7dad6466f5984ca8ca512d82a9ab1001\" style=\"color:#075e8d\">Aktuelle Praxis nach Standort<\/h2>\n\n<p>Es gibt vier K\u00fchlschr\u00e4nke pro Standort.\nAlle K\u00fchlschr\u00e4nke sind mit einem <a href=\"https:\/\/praxas.com\/de\/product\/datenlogger\/impfstoff-uberwachung\/el-wifi-vacx\/\" target=\"_blank\" rel=\"noreferrer noopener\">Temperaturlogger<\/a> auf der Innenseite ausgestattet.\nDie Temperatur im K\u00fchlschrank muss immer zwischen 2 und 8 Grad Celsius liegen.\nEin Mitarbeiter kontrolliert t\u00e4glich die Temperatur in allen K\u00fchlschr\u00e4nken.  <\/p>\n\n<figure class=\"wp-block-image size-large\"><img loading=\"lazy\" decoding=\"async\" width=\"1024\" height=\"434\" src=\"https:\/\/praxas.com\/wp-content\/uploads\/Zorginstellingen-1024x434.jpg\" alt=\"&#xDC;berwachung der Temperatur\" class=\"wp-image-42137\" srcset=\"https:\/\/praxas.com\/wp-content\/uploads\/Zorginstellingen-1024x434.jpg 1024w, https:\/\/praxas.com\/wp-content\/uploads\/Zorginstellingen-300x127.jpg 300w, https:\/\/praxas.com\/wp-content\/uploads\/Zorginstellingen-768x326.jpg 768w, https:\/\/praxas.com\/wp-content\/uploads\/Zorginstellingen-1536x651.jpg 1536w, https:\/\/praxas.com\/wp-content\/uploads\/Zorginstellingen-120x51.jpg 120w, https:\/\/praxas.com\/wp-content\/uploads\/Zorginstellingen-990x420.jpg 990w, https:\/\/praxas.com\/wp-content\/uploads\/Zorginstellingen-441x187.jpg 441w, https:\/\/praxas.com\/wp-content\/uploads\/Zorginstellingen-350x148.jpg 350w, https:\/\/praxas.com\/wp-content\/uploads\/Zorginstellingen-800x339.jpg 800w, https:\/\/praxas.com\/wp-content\/uploads\/Zorginstellingen-150x64.jpg 150w, https:\/\/praxas.com\/wp-content\/uploads\/Zorginstellingen.jpg 2048w\" sizes=\"auto, (max-width: 1024px) 100vw, 1024px\" \/><\/figure>\n\n<div style=\"height:25px\" aria-hidden=\"true\" class=\"wp-block-spacer\"><\/div>\n\n<h2 class=\"wp-block-heading has-text-color has-link-color wp-elements-5dfe3517612e04db8f6b8501847bd7c4\" style=\"color:#075e8d\">\u00dcberwachung und Aufzeichnung der Temperatur in den K\u00fchlschr\u00e4nken<\/h2>\n\n<div class=\"wp-block-media-text is-stacked-on-mobile\" style=\"grid-template-columns:45% auto\"><figure class=\"wp-block-media-text__media\"><img loading=\"lazy\" decoding=\"async\" width=\"500\" height=\"500\" src=\"https:\/\/praxas.com\/wp-content\/uploads\/audit.webp\" alt=\"\" class=\"wp-image-42123 size-full\" srcset=\"https:\/\/praxas.com\/wp-content\/uploads\/audit.webp 500w, https:\/\/praxas.com\/wp-content\/uploads\/audit-300x300.webp 300w, https:\/\/praxas.com\/wp-content\/uploads\/audit-150x150.webp 150w, https:\/\/praxas.com\/wp-content\/uploads\/audit-120x120.webp 120w, https:\/\/praxas.com\/wp-content\/uploads\/audit-441x441.webp 441w, https:\/\/praxas.com\/wp-content\/uploads\/audit-100x100.webp 100w, https:\/\/praxas.com\/wp-content\/uploads\/audit-350x350.webp 350w\" sizes=\"auto, (max-width: 500px) 100vw, 500px\" \/><\/figure><div class=\"wp-block-media-text__content\">\n<p>Der Mitarbeiter vergleicht die eingestellte Temperatur des K\u00fchlschranks mit den Daten auf dem Display des <a href=\"https:\/\/praxas.com\/de\/produkt-kategorie\/datenlogger\/\" target=\"_blank\" rel=\"noreferrer noopener\">Temperaturloggers<\/a>.\nWenn diese Werte nicht \u00fcbereinstimmen, werden sofort Ma\u00dfnahmen ergriffen.\nEinmal im Monat wird der Temperaturlogger \u00fcber USB an einen PC angeschlossen und die Daten werden in Excel exportiert.\nDer Mitarbeiter protokolliert alle Temperatur\u00fcberschreitungen und beschreibt die Ma\u00dfnahmen, die ergriffen wurden, um die Qualit\u00e4t der Medikamente sicherzustellen.  <\/p>\n<\/div><\/div>\n\n<p>Die Aufzeichnung und Aufbewahrung der Temperaturdaten ist obligatorisch.\nBei einem Audit muss der Mitarbeiter anwesend sein, um das Protokoll auszuh\u00e4ndigen und auf Anfrage Erkl\u00e4rungen abzugeben.  <\/p>\n\n<div style=\"height:25px\" aria-hidden=\"true\" class=\"wp-block-spacer\"><\/div>\n\n<h2 class=\"wp-block-heading has-text-color has-link-color wp-elements-4a07a2b5b8c9b4eff5c37833e3472b51\" style=\"color:#075e8d\">\u00dcberwachung w\u00e4hrend des Transports von Medikamenten<\/h2>\n\n<p>Neben der \u00dcberwachung und Aufzeichnung der Temperatur in den K\u00fchlschr\u00e4nken vor Ort ist der Mitarbeiter auch f\u00fcr die Aufzeichnung der Temperaturen w\u00e4hrend des Transports verantwortlich.\nDie f\u00fcr den Transport verwendete Thermobox enth\u00e4lt auch einen <a href=\"https:\/\/praxas.com\/de\/produkt-kategorie\/datenlogger\/\" target=\"_blank\" rel=\"noreferrer noopener\">Temperaturlogger<\/a>.\nDie Daten des Loggers werden nach dem Transport in Excel exportiert.\nDiese Daten m\u00fcssen auch bei einem Audit vorgelegt werden.  <\/p>\n\n<div style=\"height:25px\" aria-hidden=\"true\" class=\"wp-block-spacer\"><\/div>\n\n<h2 class=\"wp-block-heading has-text-color has-link-color wp-elements-665f74dfce8c71f3ef30965566a8425e\" style=\"color:#075e8d\">Nachteile des derzeitigen Ansatzes<\/h2>\n\n<p>Die t\u00e4gliche Aufzeichnung der Temperaturdaten aller K\u00fchlschr\u00e4nke an allen Standorten und der regelm\u00e4\u00dfige Export dieser Daten sind zeitaufw\u00e4ndige Vorg\u00e4nge.\nAu\u00dferdem ist ein manuelles Verfahren sehr fehleranf\u00e4llig.  <\/p>\n\n<p>Die Hardware mit eingebautem Temperatursensor reagiert sehr empfindlich auf die Umgebungstemperatur.\nDies f\u00fchrt zu Fehlermeldungen, die f\u00fcr die Bestandsqualit\u00e4t irrelevant sind.\nEin Sensor kann zum Beispiel auf einen W\u00e4rmefluss reagieren, wenn die K\u00fchlschrankt\u00fcr kurz ge\u00f6ffnet wird.\nDies bedeutet jedoch nicht, dass die Temperatur des Medikaments im gleichen Ma\u00dfe gestiegen ist.  <\/p>\n\n<p>Es herrscht ein enormer Personalmangel im Gesundheitswesen, so dass jede Minute, die nicht f\u00fcr einen Patienten genutzt werden kann, eine Minute zu viel ist.\nDie Pandemie setzte das Gesundheitspersonal seit M\u00e4rz 2020 zus\u00e4tzlich unter Druck.\nMa\u00dfnahmen wie die Aufzeichnung von Temperaturdaten wurden in der Hektik der Tage \u00fcbersehen.  <\/p>\n\n<p>Wenn die Temperatur nicht angemessen \u00fcberwacht wird, kann die Wirksamkeit des Medikaments w\u00e4hrend der Behandlung nachlassen.\nDar\u00fcber hinaus besteht ein erh\u00f6htes Risiko medizinischer Komplikationen, wenn das Medikament \u00fcber einen l\u00e4ngeren Zeitraum in einer Umgebung gelagert wurde, die nicht den Temperaturanforderungen entspricht.  <\/p>\n\n<div style=\"height:25px\" aria-hidden=\"true\" class=\"wp-block-spacer\"><\/div>\n\n<h2 class=\"wp-block-heading has-text-color has-link-color wp-elements-7cc8b2a945f68352b175bcc5cb8c3d9d\" style=\"color:#075e8d\">Die Bitte um Hilfe durch die Pflegeeinrichtung<\/h2>\n\n<p>Die Gesundheitseinrichtung bat Praxas um Rat bei der Implementierung eines zentralen Systems, das die Temperatur an den 11 Standorten automatisch \u00fcberwacht und Ma\u00dfnahmen ergreift, wenn Werte au\u00dferhalb der festgelegten Temperaturgrenzen festgestellt werden.<\/p>\n\n<p>Dieses System muss eine Reihe von Voraussetzungen erf\u00fcllen.\nEs muss einfach zu installieren, benutzerfreundlich und f\u00fcr mehrere Mitarbeiter zug\u00e4nglich sein.\nDie Daten m\u00fcssen in einer gut organisierten Datenbank gespeichert werden, und manuelle Eingriffe m\u00fcssen auf ein Minimum beschr\u00e4nkt werden.\nDas System muss sowohl an festen als auch an mobilen Standorten eingesetzt werden k\u00f6nnen und die vorhandene Infrastruktur nutzen.\nTeure und zeitaufw\u00e4ndige \u00c4nderungen am Netzwerk kommen nicht in Frage.\nBei einem Audit muss ein aussagekr\u00e4ftiger Nachweis vorgelegt werden k\u00f6nnen, und die finanziellen Investitionen m\u00fcssen sich in Grenzen halten.  <\/p>\n\n<p>Dies war eine sehr umfassende Reihe logischer Voraussetzungen.\nPraxas bot eine L\u00f6sung, die all diese Bedingungen erf\u00fcllte.  <\/p>\n\n<div style=\"height:25px\" aria-hidden=\"true\" class=\"wp-block-spacer\"><\/div>\n\n<h2 class=\"wp-block-heading has-text-color has-link-color wp-elements-8ed03eec5d5b74bc920e7c0686064615\" style=\"color:#075e8d\">Zentrale Speicherung von Temperaturdaten<\/h2>\n\n<div class=\"wp-block-media-text is-stacked-on-mobile\" style=\"grid-template-columns:39% auto\"><figure class=\"wp-block-media-text__media\"><img loading=\"lazy\" decoding=\"async\" width=\"800\" height=\"463\" src=\"https:\/\/praxas.com\/wp-content\/uploads\/EL-WiFi-VACX_angled-left.png\" alt=\"Mit der Cloud verbundener Datenlogger\" class=\"wp-image-21306 size-full\" srcset=\"https:\/\/praxas.com\/wp-content\/uploads\/EL-WiFi-VACX_angled-left.png 800w, https:\/\/praxas.com\/wp-content\/uploads\/EL-WiFi-VACX_angled-left-300x174.png 300w, https:\/\/praxas.com\/wp-content\/uploads\/EL-WiFi-VACX_angled-left-768x444.png 768w, https:\/\/praxas.com\/wp-content\/uploads\/EL-WiFi-VACX_angled-left-120x69.png 120w, https:\/\/praxas.com\/wp-content\/uploads\/EL-WiFi-VACX_angled-left-441x255.png 441w, https:\/\/praxas.com\/wp-content\/uploads\/EL-WiFi-VACX_angled-left-150x87.png 150w\" sizes=\"auto, (max-width: 800px) 100vw, 800px\" \/><\/figure><div class=\"wp-block-media-text__content\">\n<p>Auf der Grundlage der derzeitigen Defizite, Anforderungen und Randbedingungen wurden Temperaturlogger mit einem WiFi-Modul, einem Sensor und einem Glykolpuffer vorgeschlagen.\nDie eingebaute WiFi-Antenne kann sehr einfach an jedes bestehende WiFi-Netzwerk angeschlossen werden.\nDer externe Sensor mit Glykolpuffer misst die Kerntemperatur des Medikaments und verringert so das Risiko fehlerhafter Messwerte.\nF\u00fcr Transporte wurde eine Kombination aus einer Thermobox mit einem <a href=\"https:\/\/praxas.com\/de\/product\/datenlogger\/impfstoff-uberwachung\/el-wifi-vacx\/\" target=\"_blank\" rel=\"noreferrer noopener\">Temperaturlogger<\/a> empfohlen.  <br\/><\/p>\n<\/div><\/div>\n\n<p>Der <a href=\"https:\/\/praxas.com\/de\/product\/datenlogger\/impfstoff-uberwachung\/el-wifi-vacx\/\">Temperaturlogger<\/a><a href=\"https:\/\/www.praxas.com\/nl\/praxas-utred30-wifi.html\"> <\/a>kommuniziert mit einer Online-Plattform.\nDie Daten werden zentral in der Cloud gespeichert und es ist keine manuelle Protokollierung erforderlich.\nDie Temperaturen werden \u00fcbersichtlich pro Temperaturlogger angezeigt.\nAutorisierte Personen werden \u00fcber eine App oder per E-Mail \u00fcber Temperatur\u00fcberschreitungen benachrichtigt.\nSie k\u00f6nnen auf der Plattform eine Notiz \u00fcber die Ursache der Meldung, die zur L\u00f6sung des Problems unternommenen Schritte und den Zustand der Medikamente hinzuf\u00fcgen.  <\/p>\n\n<p>Da die Temperaturen f\u00fcr jeden Temperaturlogger aufgezeichnet werden, k\u00f6nnen verschiedene Standorte verglichen werden.\nAu\u00dferdem kann man sehen, welche K\u00fchlschr\u00e4nke nicht gut funktionieren und m\u00f6glicherweise gewartet oder ausgetauscht werden m\u00fcssen.  <\/p>\n\n<p>Auf die <a href=\"https:\/\/www.praxas.com\/nl-nl\/Oplossingen\/Datarecorders\/LogTag-Online\">Online-Plattform<\/a> k\u00f6nnen mehrere Personen zugreifen.\nEs ist auch m\u00f6glich, einen Wirtschaftspr\u00fcfer einzuladen, so dass dieser direkten Zugriff auf alle Daten hat und somit effizient pr\u00fcfen kann.  <\/p>\n\n<div style=\"height:25px\" aria-hidden=\"true\" class=\"wp-block-spacer\"><\/div>\n\n<h2 class=\"wp-block-heading has-text-color has-link-color wp-elements-3783f54ce2cdaa75597bfc40c879f4fe\" style=\"color:#075e8d\">Das Ergebnis<\/h2>\n\n<p>Die Implementierung dieser L\u00f6sung hat die Effizienz der Gesundheitseinrichtung erheblich gesteigert.\nDie Anzahl der manuellen T\u00e4tigkeiten der Mitarbeiter wurde stark reduziert.\nDie zentrale Speicherung der Daten hat das Fehlerrisiko minimiert.\nDas Ergebnis ist ein schl\u00fcssiges Logbuch, das immer auf dem neuesten Stand ist.\nNur autorisierte Personen haben Zugang.\nDie Mitarbeiter verbringen viel weniger Zeit mit der \u00dcberwachung und Aufzeichnung von Temperaturdaten.\nIm Ergebnis hat diese Investition zu Einsparungen gef\u00fchrt.\nAu\u00dferdem haben wir die zus\u00e4tzliche Aufmerksamkeit und Pflege, die der Patient dadurch erh\u00e4lt, noch gar nicht ber\u00fccksichtigt.  <\/p>\n\n<p>Sehen Sie sich auch das Video hier an:<\/p>\n\n<figure class=\"wp-block-embed is-type-video is-provider-youtube wp-block-embed-youtube wp-embed-aspect-16-9 wp-has-aspect-ratio\"><div class=\"wp-block-embed__wrapper\"> \n<div class=\"video-container\"><iframe loading=\"lazy\" title=\"Effici\u00ebnte temperatuurmonitoring van medicatie in zorginstellingen\" width=\"1170\" height=\"658\" src=\"https:\/\/www.youtube.com\/embed\/MxIc0VwPai0?feature=oembed\" frameborder=\"0\" allow=\"accelerometer; autoplay; clipboard-write; encrypted-media; gyroscope; picture-in-picture; web-share\" referrerpolicy=\"strict-origin-when-cross-origin\" allowfullscreen><\/iframe><\/div>\n <\/div><\/figure>\n\n<div style=\"height:25px\" aria-hidden=\"true\" class=\"wp-block-spacer\"><\/div>\n\n<h2 class=\"wp-block-heading has-text-color has-link-color wp-elements-cdfac7f3310727159212c13b1073e3d9\" style=\"color:#075e8d\">Sind Sie an dieser L\u00f6sung interessiert?<\/h2>\n\n<p>M\u00f6chten Sie mehr \u00fcber die Implementierung eines zentralen Systems zur \u00dcberwachung der Medikationstemperatur in Ihrer Gesundheitseinrichtung, Allgemeinpraxis oder Apotheke erfahren?\nNehmen Sie <a href=\"https:\/\/www.praxas.com\/nl-nl\/Contact\">Kontakt mit uns auf<\/a>.\nGemeinsam werden wir uns ansehen, wie diese L\u00f6sung die Effizienz Ihrer Arbeitsabl\u00e4ufe steigern kann.  <\/p>\n","protected":false},"excerpt":{"rendered":"<p>In Einrichtungen des Gesundheitswesens wird die Temperatur von Medikamenten in K\u00fchlschr\u00e4nken oft manuell aufgezeichnet. In der Praxis bedeutet dies, dass ein Mitarbeiter der Einrichtung jeden Tag alle K\u00fchlschr\u00e4nke durchgeht, um die Temperatur der Medikamente zu \u00fcberpr\u00fcfen und aufzuzeichnen. Diese Daten werden dann manuell in das System eingegeben. F\u00fcr Einrichtungen des Gesundheitswesens mit mehreren Standorten ist [&hellip;]<\/p>\n","protected":false},"author":8382,"featured_media":42157,"comment_status":"closed","ping_status":"closed","sticky":false,"template":"","format":"standard","meta":{"_acf_changed":false,"content-type":"","_uag_custom_page_level_css":"","footnotes":""},"categories":[893],"tags":[],"class_list":["post-42176","post","type-post","status-publish","format-standard","has-post-thumbnail","hentry","category-nieuws-de"],"acf":[],"spectra_custom_meta":{"_encloseme":["1"],"_top_nav_excluded":[""],"_cms_nav_minihome":[""],"rank_math_focus_keyword":["\u00dcberwachung der Temperatur"],"_thumbnail_id":["42157"],"_last_translation_edit_mode":["translation-editor"],"_oembed_c146d1e432d0fccc5d843fa862e34771":["<iframe title=\"Effici\u00ebnte temperatuurmonitoring van medicatie in zorginstellingen\" width=\"1170\" height=\"658\" src=\"https:\/\/www.youtube.com\/embed\/MxIc0VwPai0?feature=oembed\" frameborder=\"0\" allow=\"accelerometer; autoplay; clipboard-write; encrypted-media; gyroscope; picture-in-picture; web-share\" referrerpolicy=\"strict-origin-when-cross-origin\" allowfullscreen><\/iframe>"],"_oembed_time_c146d1e432d0fccc5d843fa862e34771":["1726138431"],"rank_math_primary_category":["145"],"rank_math_title":["Effizientere Temperatur\u00fcberwachung in Gesundheitseinrichtungen"],"rank_math_description":["Effiziente \u00dcberwachung der Medikationstemperatur: Sparen Sie Zeit, reduzieren Sie Fehler und verbessern Sie die Patientenversorgung mit zentralisierten Systemen."],"_wpml_word_count":["1400"],"_uag_css_file_name":["uag-css-42176.css"],"_uag_page_assets":["a:9:{s:3:\"css\";s:263:\".uag-blocks-common-selector{z-index:var(--z-index-desktop) !important}@media (max-width: 976px){.uag-blocks-common-selector{z-index:var(--z-index-tablet) !important}}@media (max-width: 767px){.uag-blocks-common-selector{z-index:var(--z-index-mobile) !important}}\n\";s:2:\"js\";s:0:\"\";s:18:\"current_block_list\";a:6:{i:0;s:14:\"core\/paragraph\";i:1;s:11:\"core\/spacer\";i:2;s:12:\"core\/heading\";i:3;s:10:\"core\/image\";i:4;s:15:\"core\/media-text\";i:5;s:10:\"core\/embed\";}s:8:\"uag_flag\";b:0;s:11:\"uag_version\";s:10:\"1777474636\";s:6:\"gfonts\";a:0:{}s:10:\"gfonts_url\";s:0:\"\";s:12:\"gfonts_files\";a:0:{}s:14:\"uag_faq_layout\";b:0;}"]},"uagb_featured_image_src":{"full":["https:\/\/praxas.com\/wp-content\/uploads\/Banner-temperatuurmonitoring-zorginstellingen-scaled.jpg",2560,1280,false],"thumbnail":["https:\/\/praxas.com\/wp-content\/uploads\/Banner-temperatuurmonitoring-zorginstellingen-150x150.jpg",150,150,true],"medium":["https:\/\/praxas.com\/wp-content\/uploads\/Banner-temperatuurmonitoring-zorginstellingen-300x150.jpg",300,150,true],"medium_large":["https:\/\/praxas.com\/wp-content\/uploads\/Banner-temperatuurmonitoring-zorginstellingen-768x384.jpg",768,384,true],"large":["https:\/\/praxas.com\/wp-content\/uploads\/Banner-temperatuurmonitoring-zorginstellingen-1024x512.jpg",1024,512,true],"1536x1536":["https:\/\/praxas.com\/wp-content\/uploads\/Banner-temperatuurmonitoring-zorginstellingen-1536x768.jpg",1536,768,true],"2048x2048":["https:\/\/praxas.com\/wp-content\/uploads\/Banner-temperatuurmonitoring-zorginstellingen-2048x1024.jpg",2048,1024,true],"crunchify-admin-post-featured-image":["https:\/\/praxas.com\/wp-content\/uploads\/Banner-temperatuurmonitoring-zorginstellingen-120x60.jpg",120,60,true],"commercegurus-pdp-large":["https:\/\/praxas.com\/wp-content\/uploads\/Banner-temperatuurmonitoring-zorginstellingen-990x495.jpg",990,495,true],"commercegurus-plp-mobile":["https:\/\/praxas.com\/wp-content\/uploads\/Banner-temperatuurmonitoring-zorginstellingen-441x221.jpg",441,221,true],"cgkit_image_swatch":["https:\/\/praxas.com\/wp-content\/uploads\/Banner-temperatuurmonitoring-zorginstellingen-100x100.jpg",100,100,true],"woocommerce_thumbnail":["https:\/\/praxas.com\/wp-content\/uploads\/Banner-temperatuurmonitoring-zorginstellingen-350x175.jpg",350,175,true],"woocommerce_single":["https:\/\/praxas.com\/wp-content\/uploads\/Banner-temperatuurmonitoring-zorginstellingen-800x400.jpg",800,400,true],"woocommerce_gallery_thumbnail":["https:\/\/praxas.com\/wp-content\/uploads\/Banner-temperatuurmonitoring-zorginstellingen-150x75.jpg",150,75,true]},"uagb_author_info":{"display_name":"Claudia Arts Rutten","author_link":"https:\/\/praxas.com\/de\/author\/claudia-arts-rutten\/"},"uagb_comment_info":0,"uagb_excerpt":"In Einrichtungen des Gesundheitswesens wird die Temperatur von Medikamenten in K\u00fchlschr\u00e4nken oft manuell aufgezeichnet. In der Praxis bedeutet dies, dass ein Mitarbeiter der Einrichtung jeden Tag alle K\u00fchlschr\u00e4nke durchgeht, um die Temperatur der Medikamente zu \u00fcberpr\u00fcfen und aufzuzeichnen. Diese Daten werden dann manuell in das System eingegeben. F\u00fcr Einrichtungen des Gesundheitswesens mit mehreren Standorten ist&hellip;","_links":{"self":[{"href":"https:\/\/praxas.com\/de\/wp-json\/wp\/v2\/posts\/42176","targetHints":{"allow":["GET"]}}],"collection":[{"href":"https:\/\/praxas.com\/de\/wp-json\/wp\/v2\/posts"}],"about":[{"href":"https:\/\/praxas.com\/de\/wp-json\/wp\/v2\/types\/post"}],"author":[{"embeddable":true,"href":"https:\/\/praxas.com\/de\/wp-json\/wp\/v2\/users\/8382"}],"replies":[{"embeddable":true,"href":"https:\/\/praxas.com\/de\/wp-json\/wp\/v2\/comments?post=42176"}],"version-history":[{"count":2,"href":"https:\/\/praxas.com\/de\/wp-json\/wp\/v2\/posts\/42176\/revisions"}],"predecessor-version":[{"id":50387,"href":"https:\/\/praxas.com\/de\/wp-json\/wp\/v2\/posts\/42176\/revisions\/50387"}],"wp:featuredmedia":[{"embeddable":true,"href":"https:\/\/praxas.com\/de\/wp-json\/wp\/v2\/media\/42157"}],"wp:attachment":[{"href":"https:\/\/praxas.com\/de\/wp-json\/wp\/v2\/media?parent=42176"}],"wp:term":[{"taxonomy":"category","embeddable":true,"href":"https:\/\/praxas.com\/de\/wp-json\/wp\/v2\/categories?post=42176"},{"taxonomy":"post_tag","embeddable":true,"href":"https:\/\/praxas.com\/de\/wp-json\/wp\/v2\/tags?post=42176"}],"curies":[{"name":"wp","href":"https:\/\/api.w.org\/{rel}","templated":true}]}}