{"id":44941,"date":"2025-02-07T11:06:18","date_gmt":"2025-02-07T11:06:18","guid":{"rendered":"https:\/\/praxas.com\/medizinische-kuehlschraenke-mit-volltuer-oder-glastuer-die-wahl-der-besten-option-fuer-ihre-beduerfnisse\/"},"modified":"2025-06-20T10:45:04","modified_gmt":"2025-06-20T10:45:04","slug":"medizinische-kuehlschraenke-mit-volltuer-oder-glastuer-die-wahl-der-besten-option-fuer-ihre-beduerfnisse","status":"publish","type":"post","link":"https:\/\/praxas.com\/de\/medizinische-kuehlschraenke-mit-volltuer-oder-glastuer-die-wahl-der-besten-option-fuer-ihre-beduerfnisse\/","title":{"rendered":"Medizinische K\u00fchlschr\u00e4nke mit Vollt\u00fcr oder Glast\u00fcr: Die Wahl der besten Option f\u00fcr Ihre Bed\u00fcrfnisse"},"content":{"rendered":"\n<p>Die sichere Aufbewahrung temperaturempfindlicher medizinischer G\u00fcter ist in jeder medizinischen Einrichtung unerl\u00e4sslich, und die Wahl des richtigen medizinischen K\u00fchl- oder Gefrierschranks spielt dabei eine entscheidende Rolle.<\/p>\n\n<p>Bei der gro\u00dfen Auswahl an K\u00fchlschr\u00e4nken kann es schwierig sein zu entscheiden, welcher der beste f\u00fcr Ihre Bed\u00fcrfnisse ist. In diesem Leitfaden gehen wir auf die wichtigsten Faktoren ein und vergleichen die Vor- und Nachteile von K\u00fchlschr\u00e4nken mit Vollt\u00fcr und Glast\u00fcr aus der Flexaline-Reihe <a href=\"https:\/\/arctiko.com\" data-type=\"link\" data-id=\"https:\/\/arctiko.com\" target=\"_blank\" rel=\"noopener\">von Arctiko<\/a>, damit Sie die richtige Wahl treffen k\u00f6nnen. <\/p>\n\n<div style=\"height:20px\" aria-hidden=\"true\" class=\"wp-block-spacer\"><\/div>\n\n<div class=\"wp-block-group alignfull has-global-padding is-layout-constrained wp-container-core-group-is-layout-a4c69c57 wp-block-group-is-layout-constrained\">\n<figure class=\"wp-block-image aligncenter size-large has-custom-border\"><img loading=\"lazy\" decoding=\"async\" width=\"1024\" height=\"576\" src=\"https:\/\/praxas.com\/wp-content\/uploads\/Pharmacy-Set-Up-1024x576.png\" alt=\"Apothekensituation - medizinischer K&#xFC;hlschrank - Glas vs. Feststoff\" class=\"wp-image-44909\" style=\"border-radius:30px\" srcset=\"https:\/\/praxas.com\/wp-content\/uploads\/Pharmacy-Set-Up-1024x576.png 1024w, https:\/\/praxas.com\/wp-content\/uploads\/Pharmacy-Set-Up-300x169.png 300w, https:\/\/praxas.com\/wp-content\/uploads\/Pharmacy-Set-Up-768x432.png 768w, https:\/\/praxas.com\/wp-content\/uploads\/Pharmacy-Set-Up-1536x864.png 1536w, https:\/\/praxas.com\/wp-content\/uploads\/Pharmacy-Set-Up-2048x1152.png 2048w, https:\/\/praxas.com\/wp-content\/uploads\/Pharmacy-Set-Up-120x67.png 120w, https:\/\/praxas.com\/wp-content\/uploads\/Pharmacy-Set-Up-990x557.png 990w, https:\/\/praxas.com\/wp-content\/uploads\/Pharmacy-Set-Up-441x248.png 441w, https:\/\/praxas.com\/wp-content\/uploads\/Pharmacy-Set-Up-350x197.png 350w, https:\/\/praxas.com\/wp-content\/uploads\/Pharmacy-Set-Up-800x450.png 800w, https:\/\/praxas.com\/wp-content\/uploads\/Pharmacy-Set-Up-150x84.png 150w\" sizes=\"auto, (max-width: 1024px) 100vw, 1024px\" \/><\/figure>\n<\/div>\n\n<div style=\"height:20px\" aria-hidden=\"true\" class=\"wp-block-spacer\"><\/div>\n\n<div class=\"wp-block-group alignfull has-global-padding is-layout-constrained wp-container-core-group-is-layout-a4c69c57 wp-block-group-is-layout-constrained\">\n<h2 class=\"wp-block-heading has-text-align-left has-text-color has-link-color wp-elements-eca5e3b6691736aeb9fa3a31c0da3f5a\" style=\"color:#205d8f\">K\u00fchlschr\u00e4nke mit Glast\u00fcr<\/h2>\n\n\n\n<div class=\"wp-block-columns is-layout-flex wp-container-core-columns-is-layout-28f84493 wp-block-columns-is-layout-flex\">\n<div class=\"wp-block-column is-layout-flow wp-block-column-is-layout-flow\" style=\"padding-top:0;padding-right:0;padding-bottom:0;padding-left:0\">\n<h3 class=\"wp-block-heading has-text-color has-link-color wp-elements-241f8e457226ceaddfaee2736501ce2e\" style=\"color:#009ee0\">Glast\u00fcr Vorteile<\/h3>\n\n\n\n<p>Medizinische K\u00fchlschr\u00e4nke mit Glast\u00fcren bieten Komfort und Effizienz und sind daher eine gute Wahl f\u00fcr vielbesch\u00e4ftigte Gesundheitseinrichtungen. Das Personal kann Impfstoffe und Medikamente schnell finden, ohne die T\u00fcr \u00f6ffnen zu m\u00fcssen. So werden unn\u00f6tige Temperaturschwankungen vermieden und ein stabiles internes Umfeld aufrechterhalten. Weniger T\u00fcr\u00f6ffnungen bedeuten eine bessere thermische Stabilit\u00e4t und verringern das Risiko, dass Vorr\u00e4te verderben.   Dies ist besonders in schnelllebigen Umgebungen von Vorteil, in denen Zeit und Effizienz entscheidend sind.<\/p>\n\n\n\n<p>Neben ihren praktischen Vorteilen werten Glast\u00fcrk\u00fchlschr\u00e4nke auch das Aussehen eines Arbeitsplatzes auf. Sie bieten eine klare, moderne \u00c4sthetik, die sich nahtlos in medizinische Umgebungen einf\u00fcgt.<\/p>\n<\/div>\n<\/div>\n\n\n\n<div class=\"wp-block-columns is-layout-flex wp-container-core-columns-is-layout-28f84493 wp-block-columns-is-layout-flex\">\n<div class=\"wp-block-column is-layout-flow wp-block-column-is-layout-flow\" style=\"padding-top:0;padding-right:0;padding-bottom:0;padding-left:0\">\n<h3 class=\"wp-block-heading has-text-color has-link-color wp-elements-bd21ce24676a4f481080a191f7c12848\" style=\"color:#009ee0\">Glast\u00fcr Nachteile<\/h3>\n\n\n\n<p>Medizinische K\u00fchlschr\u00e4nke mit Glast\u00fcren bieten zwar Komfort, sind aber nicht f\u00fcr jede Umgebung geeignet. Die uneingeschr\u00e4nkte Sichtbarkeit kann Bedenken hinsichtlich der Privatsph\u00e4re aufkommen lassen und es Unbefugten erleichtern, die gelagerten Gegenst\u00e4nde zu sehen und darauf zuzugreifen, was das Risiko eines Diebstahls erh\u00f6hen kann. <\/p>\n\n\n\n<p>Obwohl Glast\u00fcren mit Isolierungstechnologien wie Doppelverglasung und Low-E-Beschichtungen ausgestattet sind, bieten sie immer noch etwas weniger Isolierung als massive T\u00fcren, was die Temperaturstabilit\u00e4t beeintr\u00e4chtigen kann. Au\u00dferdem sind Glast\u00fcren m\u00f6glicherweise nicht ideal f\u00fcr die Aufbewahrung von lichtempfindlichen Medikamenten, da eine l\u00e4ngere Exposition zu Verderb und Abfall f\u00fchren kann. <\/p>\n<\/div>\n<\/div>\n<\/div>\n\n<div style=\"height:20px\" aria-hidden=\"true\" class=\"wp-block-spacer\"><\/div>\n\n<div class=\"wp-block-buttons is-content-justification-center is-layout-flex wp-container-core-buttons-is-layout-a89b3969 wp-block-buttons-is-layout-flex\">\n<div class=\"wp-block-button\"><a class=\"wp-block-button__link has-background wp-element-button\" href=\"https:\/\/praxas.com\/de\/produkt-schlagwort\/pre-bereich\/\" style=\"border-radius:6px;background-color:#009ee0\"><strong>Entdecken Sie K\u00fchlschr\u00e4nke mit Glast\u00fcr<\/strong><\/a><\/div>\n<\/div>\n\n<div style=\"height:30px\" aria-hidden=\"true\" class=\"wp-block-spacer\"><\/div>\n\n<div class=\"wp-block-group alignfull has-global-padding is-layout-constrained wp-container-core-group-is-layout-a4c69c57 wp-block-group-is-layout-constrained\">\n<figure class=\"wp-block-image aligncenter size-large has-custom-border\"><img loading=\"lazy\" decoding=\"async\" width=\"1024\" height=\"576\" src=\"https:\/\/praxas.com\/wp-content\/uploads\/Pharmacy-Shelves-1024x576.png\" alt=\"Apothekenregale - medizinischer K&#xFC;hlschrank - Glas vs. massiv\" class=\"wp-image-44922\" style=\"border-radius:30px\" srcset=\"https:\/\/praxas.com\/wp-content\/uploads\/Pharmacy-Shelves-1024x576.png 1024w, https:\/\/praxas.com\/wp-content\/uploads\/Pharmacy-Shelves-300x169.png 300w, https:\/\/praxas.com\/wp-content\/uploads\/Pharmacy-Shelves-768x432.png 768w, https:\/\/praxas.com\/wp-content\/uploads\/Pharmacy-Shelves-1536x864.png 1536w, https:\/\/praxas.com\/wp-content\/uploads\/Pharmacy-Shelves-2048x1152.png 2048w, https:\/\/praxas.com\/wp-content\/uploads\/Pharmacy-Shelves-120x67.png 120w, https:\/\/praxas.com\/wp-content\/uploads\/Pharmacy-Shelves-990x557.png 990w, https:\/\/praxas.com\/wp-content\/uploads\/Pharmacy-Shelves-441x248.png 441w, https:\/\/praxas.com\/wp-content\/uploads\/Pharmacy-Shelves-350x197.png 350w, https:\/\/praxas.com\/wp-content\/uploads\/Pharmacy-Shelves-800x450.png 800w, https:\/\/praxas.com\/wp-content\/uploads\/Pharmacy-Shelves-150x84.png 150w\" sizes=\"auto, (max-width: 1024px) 100vw, 1024px\" \/><\/figure>\n<\/div>\n\n<div style=\"height:30px\" aria-hidden=\"true\" class=\"wp-block-spacer\"><\/div>\n\n<div class=\"wp-block-group alignfull has-global-padding is-layout-constrained wp-container-core-group-is-layout-a4c69c57 wp-block-group-is-layout-constrained\">\n<h2 class=\"wp-block-heading has-text-align-left has-text-color has-link-color wp-elements-357c9cef887a1520ad46578a7fc35e1f\" style=\"color:#205d8f\">K\u00fchlschr\u00e4nke mit fester T\u00fcr<\/h2>\n\n\n\n<div class=\"wp-block-columns is-layout-flex wp-container-core-columns-is-layout-28f84493 wp-block-columns-is-layout-flex\">\n<div class=\"wp-block-column is-layout-flow wp-block-column-is-layout-flow\" style=\"padding-top:0;padding-right:0;padding-bottom:0;padding-left:0\">\n<h3 class=\"wp-block-heading has-text-color has-link-color wp-elements-8d3a651bc80899619a75d2b5d2142cf6\" style=\"color:#009ee0\">Vorteile einer soliden T\u00fcr<\/h3>\n\n\n\n<p>Medizinische K\u00fchlschr\u00e4nke mit massiven T\u00fcren bieten eine hervorragende W\u00e4rmed\u00e4mmung und gew\u00e4hrleisten eine gleichm\u00e4\u00dfige Temperaturkontrolle. Sie sind auch ideal f\u00fcr die Aufbewahrung lichtempfindlicher Produkte, da die T\u00fcr nicht dem Licht ausgesetzt ist und Ihre Vorr\u00e4te somit sicher sind.  Dadurch eignen sie sich besonders gut f\u00fcr die Aufbewahrung von empfindlichen Laborproben oder Medikamenten, die unter Lichteinwirkung sehr anf\u00e4llig f\u00fcr den Verfall sind.<\/p>\n\n\n\n<p>Au\u00dferdem tr\u00e4gt die solide T\u00fcr zur Wahrung der Privatsph\u00e4re bei, indem sie den Inhalt des K\u00fchlschranks verbirgt und so das Risiko eines unbefugten Zugriffs verringert. Diese Ger\u00e4te beseitigen auch das Problem des Kondenswassers, das sich manchmal an Glast\u00fcren bilden und die Sicht nach innen verdecken kann. <\/p>\n<\/div>\n<\/div>\n\n\n\n<div class=\"wp-block-columns is-layout-flex wp-container-core-columns-is-layout-28f84493 wp-block-columns-is-layout-flex\">\n<div class=\"wp-block-column is-layout-flow wp-block-column-is-layout-flow\" style=\"padding-top:0;padding-right:0;padding-bottom:0;padding-left:0\">\n<h3 class=\"wp-block-heading has-text-color has-link-color wp-elements-d88e09bbb17938b92da103346e3d6a81\" style=\"color:#009ee0\">Nachteile der soliden T\u00fcr<\/h3>\n\n\n\n<p>Ein Nachteil von Vollt\u00fcrk\u00fchlschr\u00e4nken ist die fehlende Sichtbarkeit ohne \u00d6ffnen der T\u00fcr. H\u00e4ufiges oder l\u00e4ngeres \u00d6ffnen der T\u00fcr kann die Innentemperatur st\u00f6ren, was die Qualit\u00e4t der gelagerten Produkte wie Impfstoffe beeintr\u00e4chtigen und dazu f\u00fchren kann, dass sie sich verschlechtern oder verderben. <\/p>\n<\/div>\n<\/div>\n<\/div>\n\n<div style=\"height:20px\" aria-hidden=\"true\" class=\"wp-block-spacer\"><\/div>\n\n<div class=\"wp-block-buttons is-content-justification-center is-layout-flex wp-container-core-buttons-is-layout-a89b3969 wp-block-buttons-is-layout-flex\">\n<div class=\"wp-block-button\"><a class=\"wp-block-button__link has-background wp-element-button\" href=\"https:\/\/praxas.com\/de\/produkt-schlagwort\/lre-bereich\/\" style=\"border-radius:6px;background-color:#009ee0\"><strong>Entdecken Sie K\u00fchlschr\u00e4nke mit fester T\u00fcr<\/strong><\/a><\/div>\n<\/div>\n\n<div style=\"height:60px\" aria-hidden=\"true\" class=\"wp-block-spacer\"><\/div>\n\n<div class=\"wp-block-group alignfull has-global-padding is-layout-constrained wp-container-core-group-is-layout-a4c69c57 wp-block-group-is-layout-constrained\">\n<div class=\"wp-block-columns is-layout-flex wp-container-core-columns-is-layout-28f84493 wp-block-columns-is-layout-flex\">\n<div class=\"wp-block-column is-layout-flow wp-block-column-is-layout-flow\">\n<h2 class=\"wp-block-heading has-text-color has-link-color wp-elements-16e66013e25aea2447f54ad8b3aea558\" style=\"color:#205d8f\">Bei der Auswahl eines medizinischen K\u00fchlschranks gibt es einige wichtige Faktoren zu beachten:<\/h2>\n\n\n\n<ul class=\"wp-block-list\">\n<li>Was ist der Verwendungszweck? Bestimmen Sie, ob Sie Impfstoffe, Medikamente oder Laborproben aufbewahren werden. <\/li>\n\n\n\n<li>Welche Gr\u00f6\u00dfe ben\u00f6tigen Sie?<\/li>\n\n\n\n<li>Welche beh\u00f6rdlichen Standards m\u00fcssen eingehalten werden? Stellen Sie sicher, dass die Einheit die erforderlichen Vorschriften erf\u00fcllt. <\/li>\n\n\n\n<li>Wie hoch ist Ihr Budget?<\/li>\n\n\n\n<li>Welchen Temperaturbereich muss er einhalten?<\/li>\n<\/ul>\n\n\n\n<p>Schlie\u00dflich sollten Sie sich \u00fcberlegen, wo der K\u00fchlschrank aufgestellt werden soll, wie viele Artikel Sie aufbewahren m\u00fcssen und wie h\u00e4ufig die T\u00fcr ge\u00f6ffnet werden soll. Auf diese Weise k\u00f6nnen Sie feststellen, ob die bessere Sichtbarkeit einer Glast\u00fcr oder die thermische Stabilit\u00e4t einer Vollt\u00fcr f\u00fcr Ihr medizinisches Umfeld geeignet ist. Ber\u00fccksichtigen Sie auch das Gesamtlayout Ihres Arbeitsbereichs. In Umgebungen mit begrenztem Platz oder h\u00e4ufigem Zugriff kann ein K\u00fchlschrank mit Glast\u00fcr sowohl Funktionalit\u00e4t als auch Effizienz bieten. Wenn hingegen Sicherheit und eine stabile Temperaturkontrolle f\u00fcr Sie oberste Priorit\u00e4t haben, ist ein K\u00fchlschrank mit Vollt\u00fcr vielleicht die ideale Wahl.    <\/p>\n\n\n\n<p>Bei der Entscheidung kommt es letztlich darauf an, ein Gleichgewicht zwischen Praktikabilit\u00e4t und Sicherheit zu finden, das den spezifischen Bed\u00fcrfnissen Ihrer Praxis entspricht.<\/p>\n<\/div>\n<\/div>\n\n\n\n<div class=\"wp-block-buttons is-content-justification-center is-layout-flex wp-container-core-buttons-is-layout-a89b3969 wp-block-buttons-is-layout-flex\">\n<div class=\"wp-block-button\"><a class=\"wp-block-button__link has-background wp-element-button\" href=\"https:\/\/praxas.com\/de\/produkt-schlagwort\/flexaline-de\/\" style=\"border-radius:6px;background-color:#009ee0\"><strong>Flexaline Sortiment erkunden<\/strong><\/a><\/div>\n<\/div>\n<\/div>\n\n<div style=\"height:30px\" aria-hidden=\"true\" class=\"wp-block-spacer\"><\/div>\n","protected":false},"excerpt":{"rendered":"<p>Die sichere Aufbewahrung temperaturempfindlicher medizinischer G\u00fcter ist in jeder medizinischen Einrichtung unerl\u00e4sslich, und die Wahl des richtigen medizinischen K\u00fchl- oder Gefrierschranks spielt dabei eine entscheidende Rolle. Bei der gro\u00dfen Auswahl an K\u00fchlschr\u00e4nken kann es schwierig sein zu entscheiden, welcher der beste f\u00fcr Ihre Bed\u00fcrfnisse ist. In diesem Leitfaden gehen wir auf die wichtigsten Faktoren ein [&hellip;]<\/p>\n","protected":false},"author":8383,"featured_media":44934,"comment_status":"closed","ping_status":"closed","sticky":false,"template":"","format":"standard","meta":{"_acf_changed":false,"content-type":"","_uag_custom_page_level_css":"","footnotes":""},"categories":[893],"tags":[3604,3605,3606,3603],"class_list":["post-44941","post","type-post","status-publish","format-standard","has-post-thumbnail","hentry","category-nieuws-de","tag-apotheke","tag-gesundheitswesen","tag-kuhllagerung","tag-medizinischer-kuhlschrank"],"acf":[],"spectra_custom_meta":{"_encloseme":["1"],"_top_nav_excluded":[""],"_cms_nav_minihome":[""],"_thumbnail_id":["44934"],"_last_translation_edit_mode":["translation-editor"],"rank_math_analytic_object_id":["975"],"_wpml_word_count":["862"],"rank_math_primary_category":["145"],"rank_math_title":["Medizinische K\u00fchlschr\u00e4nke mit fester oder gl\u00e4serner T\u00fcr %sep% %sitename%"],"rank_math_description":["Sie entscheiden sich f\u00fcr einen medizinischen K\u00fchlschrank? Vergleichen Sie die Modelle mit Vollt\u00fcr mit denen mit Glast\u00fcr, um die beste Option f\u00fcr Ihren Lagerbedarf zu finden, von Labors bis zu Apotheken. "],"rank_math_focus_keyword":["medizinischer K\u00fchlschrank"],"_uag_css_file_name":["uag-css-44941.css"],"_uag_page_assets":["a:9:{s:3:\"css\";s:263:\".uag-blocks-common-selector{z-index:var(--z-index-desktop) !important}@media (max-width: 976px){.uag-blocks-common-selector{z-index:var(--z-index-tablet) !important}}@media (max-width: 767px){.uag-blocks-common-selector{z-index:var(--z-index-mobile) !important}}\n\";s:2:\"js\";s:0:\"\";s:18:\"current_block_list\";a:11:{i:0;s:14:\"core\/paragraph\";i:1;s:11:\"core\/spacer\";i:2;s:10:\"core\/group\";i:3;s:10:\"core\/image\";i:5;s:12:\"core\/heading\";i:6;s:12:\"core\/columns\";i:7;s:11:\"core\/column\";i:8;s:12:\"core\/buttons\";i:9;s:11:\"core\/button\";i:10;s:9:\"core\/list\";i:11;s:14:\"core\/list-item\";}s:8:\"uag_flag\";b:0;s:11:\"uag_version\";s:10:\"1777651425\";s:6:\"gfonts\";a:0:{}s:10:\"gfonts_url\";s:0:\"\";s:12:\"gfonts_files\";a:0:{}s:14:\"uag_faq_layout\";b:0;}"]},"uagb_featured_image_src":{"full":["https:\/\/praxas.com\/wp-content\/uploads\/Praxas-Fridges-On-Counter.jpg",2048,1024,false],"thumbnail":["https:\/\/praxas.com\/wp-content\/uploads\/Praxas-Fridges-On-Counter-150x150.jpg",150,150,true],"medium":["https:\/\/praxas.com\/wp-content\/uploads\/Praxas-Fridges-On-Counter-300x150.jpg",300,150,true],"medium_large":["https:\/\/praxas.com\/wp-content\/uploads\/Praxas-Fridges-On-Counter-768x384.jpg",768,384,true],"large":["https:\/\/praxas.com\/wp-content\/uploads\/Praxas-Fridges-On-Counter-1024x512.jpg",1024,512,true],"1536x1536":["https:\/\/praxas.com\/wp-content\/uploads\/Praxas-Fridges-On-Counter-1536x768.jpg",1536,768,true],"2048x2048":["https:\/\/praxas.com\/wp-content\/uploads\/Praxas-Fridges-On-Counter.jpg",2048,1024,false],"crunchify-admin-post-featured-image":["https:\/\/praxas.com\/wp-content\/uploads\/Praxas-Fridges-On-Counter-120x60.jpg",120,60,true],"commercegurus-pdp-large":["https:\/\/praxas.com\/wp-content\/uploads\/Praxas-Fridges-On-Counter-990x495.jpg",990,495,true],"commercegurus-plp-mobile":["https:\/\/praxas.com\/wp-content\/uploads\/Praxas-Fridges-On-Counter-441x221.jpg",441,221,true],"cgkit_image_swatch":["https:\/\/praxas.com\/wp-content\/uploads\/Praxas-Fridges-On-Counter-100x100.jpg",100,100,true],"woocommerce_thumbnail":["https:\/\/praxas.com\/wp-content\/uploads\/Praxas-Fridges-On-Counter-350x175.jpg",350,175,true],"woocommerce_single":["https:\/\/praxas.com\/wp-content\/uploads\/Praxas-Fridges-On-Counter-800x400.jpg",800,400,true],"woocommerce_gallery_thumbnail":["https:\/\/praxas.com\/wp-content\/uploads\/Praxas-Fridges-On-Counter-150x75.jpg",150,75,true]},"uagb_author_info":{"display_name":"Alex James","author_link":"https:\/\/praxas.com\/de\/author\/alex\/"},"uagb_comment_info":0,"uagb_excerpt":"Die sichere Aufbewahrung temperaturempfindlicher medizinischer G\u00fcter ist in jeder medizinischen Einrichtung unerl\u00e4sslich, und die Wahl des richtigen medizinischen K\u00fchl- oder Gefrierschranks spielt dabei eine entscheidende Rolle. Bei der gro\u00dfen Auswahl an K\u00fchlschr\u00e4nken kann es schwierig sein zu entscheiden, welcher der beste f\u00fcr Ihre Bed\u00fcrfnisse ist. In diesem Leitfaden gehen wir auf die wichtigsten Faktoren ein&hellip;","_links":{"self":[{"href":"https:\/\/praxas.com\/de\/wp-json\/wp\/v2\/posts\/44941","targetHints":{"allow":["GET"]}}],"collection":[{"href":"https:\/\/praxas.com\/de\/wp-json\/wp\/v2\/posts"}],"about":[{"href":"https:\/\/praxas.com\/de\/wp-json\/wp\/v2\/types\/post"}],"author":[{"embeddable":true,"href":"https:\/\/praxas.com\/de\/wp-json\/wp\/v2\/users\/8383"}],"replies":[{"embeddable":true,"href":"https:\/\/praxas.com\/de\/wp-json\/wp\/v2\/comments?post=44941"}],"version-history":[{"count":7,"href":"https:\/\/praxas.com\/de\/wp-json\/wp\/v2\/posts\/44941\/revisions"}],"predecessor-version":[{"id":49286,"href":"https:\/\/praxas.com\/de\/wp-json\/wp\/v2\/posts\/44941\/revisions\/49286"}],"wp:featuredmedia":[{"embeddable":true,"href":"https:\/\/praxas.com\/de\/wp-json\/wp\/v2\/media\/44934"}],"wp:attachment":[{"href":"https:\/\/praxas.com\/de\/wp-json\/wp\/v2\/media?parent=44941"}],"wp:term":[{"taxonomy":"category","embeddable":true,"href":"https:\/\/praxas.com\/de\/wp-json\/wp\/v2\/categories?post=44941"},{"taxonomy":"post_tag","embeddable":true,"href":"https:\/\/praxas.com\/de\/wp-json\/wp\/v2\/tags?post=44941"}],"curies":[{"name":"wp","href":"https:\/\/api.w.org\/{rel}","templated":true}]}}