{"id":33061,"date":"2022-09-12T10:10:01","date_gmt":"2022-09-12T08:10:01","guid":{"rendered":"https:\/\/staging.praxas.com\/presentamos-el-el-wem-la-ultima-incorporacion-a-nuestra-gama-de-monitores-de-calidad-del-aire-interior\/"},"modified":"2025-10-14T17:51:32","modified_gmt":"2025-10-14T15:51:32","slug":"presentamos-el-el-wem-la-ultima-incorporacion-a-nuestra-gama-de-monitores-de-calidad-del-aire-interior","status":"publish","type":"post","link":"https:\/\/praxas.com\/es\/presentamos-el-el-wem-la-ultima-incorporacion-a-nuestra-gama-de-monitores-de-calidad-del-aire-interior\/","title":{"rendered":"Presentamos el EL-WEM+, la \u00faltima incorporaci\u00f3n a nuestra gama de monitores de calidad del aire interior"},"content":{"rendered":"\n<p>El <strong>\n  <a href=\"https:\/\/praxas.com\/es\/product\/registradores-de-datos\/calidad-del-aire\/el-wem-2\/\" data-type=\"link\" data-id=\"https:\/\/praxas.com\/product\/data-loggers\/air-quality\/easylog-el-wemplus\/\">EL-WEM<\/a>\n<\/strong> es la \u00faltima incorporaci\u00f3n a nuestra <a href=\"https:\/\/praxas.com\/es\/categorias-de-producto\/registradores-de-datos\/calidad-del-aire\/\" data-type=\"link\" data-id=\"https:\/\/praxas.com\/product-category\/data-loggers\/air-quality\/\">\n  <strong>gama de control de la calidad del aire<\/strong>\n<\/a>. Este monitor de alta precisi\u00f3n de la calidad del aire interior y del<sub>CO2<\/sub> es el dispositivo ideal para una amplia gama de entornos, como el hogar, el trabajo, los colegios, las oficinas, los centros de ocio, lugares como teatros y muchos m\u00e1s.<\/p>\n\n<p>Alojado en una elegante carcasa, el EL-WEM+ lleva la multitarea a un nuevo nivel. Controla continuamente<sub>el CO2<\/sub>, la temperatura, la humedad, los COV, la presi\u00f3n y las part\u00edculas (incluidas las PM10, PM2,5 y PM1) para calcular una lectura global de la calidad del aire interior.<\/p>\n\n<p>El dispositivo muestra el estado de la calidad del aire en la luz de estado, que cambia de color a medida que la lectura de la calidad del aire pasa de excelente a inadecuada, y si alcanza alguno de los dos niveles m\u00e1s bajos, la luz de estado se vuelve roja. Tambi\u00e9n puedes configurar notificaciones por correo electr\u00f3nico y SMS, para que te avisen inmediatamente del cambio aunque est\u00e9s fuera.<\/p>\n\n<p>Como todos nuestros dispositivos inal\u00e1mbricos, el EL-WEM+ est\u00e1 conectado a la nube, lo que significa que todas tus lecturas se cargan autom\u00e1ticamente en la nube EasyLog, donde puedes ver, analizar y descargar todos tus datos medidos. Con una cuenta <a href=\"https:\/\/praxas.com\/es\/easylog-cloud-es\/\" data-type=\"link\" data-id=\"https:\/\/praxas.com\/en\/easylog-cloud\/\" target=\"_blank\" rel=\"noreferrer noopener\">\n  <strong>cuenta EasyLog Cloud<\/strong>\n<\/a>puedes incluso vincular varios dispositivos a una cuenta, de modo que puedas ver las lecturas de los dispositivos de todo un edificio o de varios edificios en un solo lugar. <\/p>\n\n<figure class=\"wp-block-image\"><img loading=\"lazy\" decoding=\"async\" width=\"300\" height=\"158\" src=\"https:\/\/praxas.com\/wp-content\/uploads\/News-el-wem-tech-image-6-1-300x158.jpg\" alt=\"monitor de calidad del aire e iphone\" class=\"wp-image-11462\" srcset=\"https:\/\/praxas.com\/wp-content\/uploads\/News-el-wem-tech-image-6-1-300x158.jpg 300w, https:\/\/praxas.com\/wp-content\/uploads\/News-el-wem-tech-image-6-1-1024x538.jpg 1024w, https:\/\/praxas.com\/wp-content\/uploads\/News-el-wem-tech-image-6-1-768x403.jpg 768w, https:\/\/praxas.com\/wp-content\/uploads\/News-el-wem-tech-image-6-1-120x63.jpg 120w, https:\/\/praxas.com\/wp-content\/uploads\/News-el-wem-tech-image-6-1-990x520.jpg 990w, https:\/\/praxas.com\/wp-content\/uploads\/News-el-wem-tech-image-6-1-441x232.jpg 441w, https:\/\/praxas.com\/wp-content\/uploads\/News-el-wem-tech-image-6-1-800x420.jpg 800w, https:\/\/praxas.com\/wp-content\/uploads\/News-el-wem-tech-image-6-1-150x79.jpg 150w, https:\/\/praxas.com\/wp-content\/uploads\/News-el-wem-tech-image-6-1.jpg 1200w\" sizes=\"auto, (max-width: 300px) 100vw, 300px\" \/><\/figure>\n\n<p>Caracter\u00edsticas principales:<\/p>\n\n<ul class=\"wp-block-list\">\n<li>El anillo de estado muestra la calidad del aire en todo momento<\/li>\n\n\n\n<li>Alertas audiovisuales en el aparato para indicar al instante los cambios en la CAI<\/li>\n\n\n\n<li>Notificaciones por mensaje de texto y correo electr\u00f3nico cuando la calidad del aire sea deficiente<\/li>\n\n\n\n<li>Sube autom\u00e1ticamente todos los datos registrados a la nube EasyLog<\/li>\n\n\n\n<li>Detecta COV de pinturas, lacas, decapantes, productos de limpieza, muebles, colas, adhesivos y alcohol.<\/li>\n<\/ul>\n\n<p>Consigue tu <strong>\n  <a href=\"https:\/\/praxas.com\/es\/product\/registradores-de-datos\/calidad-del-aire\/el-wem-2\/\" data-type=\"link\" data-id=\"https:\/\/praxas.com\/product\/data-loggers\/air-quality\/easylog-el-wemplus\/\">EL-WEM<\/a>\n<\/strong> en nuestro sitio web. Para m\u00e1s informaci\u00f3n, ponte en contacto con nuestro equipo de ventas.<\/p>\n\n<p><a title=\"Llama al +44(0)1794 884567 a trav&#xE9;s de 3CX\" href=\"tel:+44(0)1794%20884567\" target=\"_blank\" rel=\"noopener\"><strong>+31 (0)76 50 40 268<\/strong><\/a><br\/><\/p>\n<p><a href=\"mailto:us-sales@lascarelectronics.com\"><strong>info@praxas.com<\/strong><\/a><\/p>\n","protected":false},"excerpt":{"rendered":"<p>El EL-WEM es la \u00faltima incorporaci\u00f3n a nuestra gama de control de la calidad del aire . Este monitor de alta precisi\u00f3n de la calidad del aire interior y delCO2 es el dispositivo ideal para una amplia gama de entornos, como el hogar, el trabajo, los colegios, las oficinas, los centros de ocio, lugares como [&hellip;]<\/p>\n","protected":false},"author":5,"featured_media":33062,"comment_status":"closed","ping_status":"closed","sticky":false,"template":"","format":"standard","meta":{"_acf_changed":false,"content-type":"","_uag_custom_page_level_css":"","footnotes":""},"categories":[1658],"tags":[],"class_list":["post-33061","post","type-post","status-publish","format-standard","has-post-thumbnail","hentry","category-noticias"],"acf":[],"spectra_custom_meta":{"_encloseme":["1"],"_top_nav_excluded":[""],"_cms_nav_minihome":[""],"_thumbnail_id":["33062"],"_last_translation_edit_mode":["translation-editor"],"rank_math_primary_category":["145"],"_wpml_word_count":["355"],"rank_math_title":["Lascar lanza los monitores EL-WEM+ | de calidad del aire interior"],"rank_math_description":["El EL-WEM+ es la \u00faltima incorporaci\u00f3n a nuestra gama de control de la calidad del aire Este monitor de alta precisi\u00f3n de la calidad del aire interior es el dispositivo ideal para una serie de entornos"],"rank_math_focus_keyword":["El EL-WEM"],"_uag_css_file_name":["uag-css-33061.css"],"_uag_page_assets":["a:9:{s:3:\"css\";s:263:\".uag-blocks-common-selector{z-index:var(--z-index-desktop) !important}@media (max-width: 976px){.uag-blocks-common-selector{z-index:var(--z-index-tablet) !important}}@media (max-width: 767px){.uag-blocks-common-selector{z-index:var(--z-index-mobile) !important}}\n\";s:2:\"js\";s:0:\"\";s:18:\"current_block_list\";a:5:{i:0;s:14:\"core\/paragraph\";i:1;s:10:\"core\/image\";i:2;s:9:\"core\/list\";i:3;s:14:\"core\/list-item\";i:4;s:14:\"core\/shortcode\";}s:8:\"uag_flag\";b:0;s:11:\"uag_version\";s:10:\"1777020109\";s:6:\"gfonts\";a:0:{}s:10:\"gfonts_url\";s:0:\"\";s:12:\"gfonts_files\";a:0:{}s:14:\"uag_faq_layout\";b:0;}"]},"uagb_featured_image_src":{"full":["https:\/\/praxas.com\/wp-content\/uploads\/News-EL-WEM-Tech-Image-1.jpg",1200,630,false],"thumbnail":["https:\/\/praxas.com\/wp-content\/uploads\/News-EL-WEM-Tech-Image-1-150x150.jpg",150,150,true],"medium":["https:\/\/praxas.com\/wp-content\/uploads\/News-EL-WEM-Tech-Image-1-300x158.jpg",300,158,true],"medium_large":["https:\/\/praxas.com\/wp-content\/uploads\/News-EL-WEM-Tech-Image-1-768x403.jpg",768,403,true],"large":["https:\/\/praxas.com\/wp-content\/uploads\/News-EL-WEM-Tech-Image-1-1024x538.jpg",1024,538,true],"1536x1536":["https:\/\/praxas.com\/wp-content\/uploads\/News-EL-WEM-Tech-Image-1.jpg",1200,630,false],"2048x2048":["https:\/\/praxas.com\/wp-content\/uploads\/News-EL-WEM-Tech-Image-1.jpg",1200,630,false],"crunchify-admin-post-featured-image":["https:\/\/praxas.com\/wp-content\/uploads\/News-EL-WEM-Tech-Image-1-120x63.jpg",120,63,true],"commercegurus-pdp-large":["https:\/\/praxas.com\/wp-content\/uploads\/News-EL-WEM-Tech-Image-1-990x520.jpg",990,520,true],"commercegurus-plp-mobile":["https:\/\/praxas.com\/wp-content\/uploads\/News-EL-WEM-Tech-Image-1-441x232.jpg",441,232,true],"cgkit_image_swatch":["https:\/\/praxas.com\/wp-content\/uploads\/News-EL-WEM-Tech-Image-1-100x100.jpg",100,100,true],"woocommerce_thumbnail":["https:\/\/praxas.com\/wp-content\/uploads\/News-EL-WEM-Tech-Image-1-300x158.jpg",300,158,true],"woocommerce_single":["https:\/\/praxas.com\/wp-content\/uploads\/News-EL-WEM-Tech-Image-1-800x420.jpg",800,420,true],"woocommerce_gallery_thumbnail":["https:\/\/praxas.com\/wp-content\/uploads\/News-EL-WEM-Tech-Image-1-150x79.jpg",150,79,true]},"uagb_author_info":{"display_name":"Ellen Potter","author_link":"https:\/\/praxas.com\/es\/author\/ellen\/"},"uagb_comment_info":0,"uagb_excerpt":"El EL-WEM es la \u00faltima incorporaci\u00f3n a nuestra gama de control de la calidad del aire . Este monitor de alta precisi\u00f3n de la calidad del aire interior y delCO2 es el dispositivo ideal para una amplia gama de entornos, como el hogar, el trabajo, los colegios, las oficinas, los centros de ocio, lugares como&hellip;","_links":{"self":[{"href":"https:\/\/praxas.com\/es\/wp-json\/wp\/v2\/posts\/33061","targetHints":{"allow":["GET"]}}],"collection":[{"href":"https:\/\/praxas.com\/es\/wp-json\/wp\/v2\/posts"}],"about":[{"href":"https:\/\/praxas.com\/es\/wp-json\/wp\/v2\/types\/post"}],"author":[{"embeddable":true,"href":"https:\/\/praxas.com\/es\/wp-json\/wp\/v2\/users\/5"}],"replies":[{"embeddable":true,"href":"https:\/\/praxas.com\/es\/wp-json\/wp\/v2\/comments?post=33061"}],"version-history":[{"count":4,"href":"https:\/\/praxas.com\/es\/wp-json\/wp\/v2\/posts\/33061\/revisions"}],"predecessor-version":[{"id":52119,"href":"https:\/\/praxas.com\/es\/wp-json\/wp\/v2\/posts\/33061\/revisions\/52119"}],"wp:featuredmedia":[{"embeddable":true,"href":"https:\/\/praxas.com\/es\/wp-json\/wp\/v2\/media\/33062"}],"wp:attachment":[{"href":"https:\/\/praxas.com\/es\/wp-json\/wp\/v2\/media?parent=33061"}],"wp:term":[{"taxonomy":"category","embeddable":true,"href":"https:\/\/praxas.com\/es\/wp-json\/wp\/v2\/categories?post=33061"},{"taxonomy":"post_tag","embeddable":true,"href":"https:\/\/praxas.com\/es\/wp-json\/wp\/v2\/tags?post=33061"}],"curies":[{"name":"wp","href":"https:\/\/api.w.org\/{rel}","templated":true}]}}