{"id":33128,"date":"2023-06-09T09:54:00","date_gmt":"2023-06-09T07:54:00","guid":{"rendered":"https:\/\/staging.praxas.com\/control-de-la-calidad-del-aire-interior-en-zonas-afectadas-por-incendios-forestales\/"},"modified":"2025-11-03T16:14:24","modified_gmt":"2025-11-03T15:14:24","slug":"control-de-la-calidad-del-aire-interior-en-zonas-afectadas-por-incendios-forestales","status":"publish","type":"post","link":"https:\/\/praxas.com\/es\/control-de-la-calidad-del-aire-interior-en-zonas-afectadas-por-incendios-forestales\/","title":{"rendered":"Control de la calidad del aire interior en zonas afectadas por incendios forestales"},"content":{"rendered":"\n<p>En las regiones afectadas por incendios forestales, el <strong><a href=\"https:\/\/www.bbc.co.uk\/news\/av\/world-us-canada-65846725\" target=\"_blank\" rel=\"noopener\">disminuci\u00f3n de la calidad del aire exterior<\/a><\/strong> requiere una mayor atenci\u00f3n a los ambientes interiores, especialmente durante actos y conferencias. Controlar la calidad del aire interior en las zonas afectadas por incendios forestales es primordial para proteger el bienestar de los participantes. En este art\u00edculo, haremos hincapi\u00e9 en la importancia de controlar la calidad del aire interior en las zonas afectadas por incendios forestales y presentaremos una soluci\u00f3n de vanguardia, el <a href=\"https:\/\/praxas.com\/es\/product\/registradores-de-datos\/calidad-del-aire\/el-wem\/\" data-type=\"link\" data-id=\"https:\/\/praxas.com\/product\/data-loggers\/air-quality\/easylog-el-wem\/\"><strong>EL-WEM<\/strong><\/a> y <a href=\"https:\/\/praxas.com\/es\/product\/registradores-de-datos\/calidad-del-aire\/el-wem-2\/\" data-type=\"link\" data-id=\"https:\/\/praxas.com\/product\/data-loggers\/air-quality\/easylog-el-wemplus\/\"><strong>EL-WEM+<\/strong><\/a> que controlan eficazmente los niveles de COV, part\u00edculas y<sub>CO2<\/sub>, garantizando un ambiente interior saludable para los asistentes a los eventos.<\/p>\n\n<h3 class=\"wp-block-heading has-text-color has-link-color wp-elements-c7c021d414caf2fbfbc5a20e37e0c3ad\" style=\"color:#075e8d\"><strong>El impacto de la disminuci\u00f3n de la calidad del aire exterior<\/strong><\/h3>\n\n<p>Los incendios forestales emiten contaminantes peligrosos, como compuestos org\u00e1nicos vol\u00e1tiles (COV), part\u00edculas finas (PM2,5) y di\u00f3xido de carbono (<sub>CO2<\/sub>). Estos contaminantes pueden infiltrarse en los espacios interiores durante los periodos en que la calidad del aire exterior est\u00e1 comprometida. La inhalaci\u00f3n de estos contaminantes plantea riesgos para la salud, como problemas respiratorios, irritaci\u00f3n ocular, dolores de cabeza y agravamiento de enfermedades preexistentes. En consecuencia, dar prioridad <strong><a href=\"https:\/\/praxas.com\/es\/categorias-de-producto\/registradores-de-datos\/calidad-del-aire\/\" data-type=\"link\" data-id=\"https:\/\/praxas.com\/product-category\/data-loggers\/air-quality\/\">el control de la calidad del aire interior<\/a><\/strong> durante los acontecimientos.<\/p>\n\n<p>Respuestas adaptativas: El control de la calidad del aire interior en tiempo real facilita respuestas inmediatas a los cambios en los niveles de contaminantes. Con los dispositivos EL-WEM y EL-WEM+, los sistemas de filtraci\u00f3n de aire y ventilaci\u00f3n pueden ajustarse r\u00e1pidamente para mantener unos niveles \u00f3ptimos de calidad del aire. Tambi\u00e9n se puede mantener informados a los asistentes sobre las condiciones de la calidad del aire, permiti\u00e9ndoles tomar las precauciones necesarias y garantizando la transparencia.<\/p>\n\n<figure class=\"wp-block-image alignleft\"><img loading=\"lazy\" decoding=\"async\" width=\"300\" height=\"173\" src=\"https:\/\/praxas.com\/wp-content\/uploads\/News-el-wem-tech-image-300x173.jpg\" alt=\"monitor de calidad del aire, Control de la calidad del aire interior en zonas afectadas por incendios forestales\" class=\"wp-image-11431\" srcset=\"https:\/\/praxas.com\/wp-content\/uploads\/News-el-wem-tech-image-300x173.jpg 300w, https:\/\/praxas.com\/wp-content\/uploads\/News-el-wem-tech-image-120x69.jpg 120w, https:\/\/praxas.com\/wp-content\/uploads\/News-el-wem-tech-image-441x255.jpg 441w, https:\/\/praxas.com\/wp-content\/uploads\/News-el-wem-tech-image-150x87.jpg 150w, https:\/\/praxas.com\/wp-content\/uploads\/News-el-wem-tech-image.jpg 594w\" sizes=\"auto, (max-width: 300px) 100vw, 300px\" \/><\/figure>\n\n<h3 class=\"wp-block-heading has-text-color has-link-color wp-elements-779127125c2dd6e45f70e3cff583724a\" style=\"color:#075e8d\"><strong>Presentaci\u00f3n de la soluci\u00f3n EL-WEM y EL-WEM+<\/strong><\/h3>\n\n<p>Los dispositivos EL-WEM y EL-WEM+ son soluciones de \u00faltima generaci\u00f3n dise\u00f1adas para controlar la calidad del aire interior y proporcionar datos completos sobre COV, part\u00edculas y niveles de<sub>CO2<\/sub>. Estos dispositivos ofrecen las siguientes ventajas:<\/p>\n\n<div style=\"height:10px\" aria-hidden=\"true\" class=\"wp-block-spacer\"><\/div>\n\n<p><strong>Control preciso:<\/strong> Los dispositivos EL-WEM y EL-WEM+ utilizan sensores avanzados para medir con precisi\u00f3n las concentraciones de COV, part\u00edculas y<sub>CO2<\/sub> en tiempo real. Estos datos precisos permiten tomar decisiones eficaces sobre la gesti\u00f3n de la calidad del aire interior.<\/p>\n\n<p><strong>Conectividad inal\u00e1mbrica:<\/strong> Ambos dispositivos ofrecen conectividad inal\u00e1mbrica, lo que permite una integraci\u00f3n perfecta con los sistemas de vigilancia existentes. Se puede acceder f\u00e1cilmente a los datos recogidos por los dispositivos EL-WEM y EL-WEM+ y analizarlos, lo que facilita una gesti\u00f3n proactiva de la calidad del aire.<\/p>\n\n<p><strong>Mecanismos de alerta:<\/strong> Los dispositivos EL-WEM y EL-WEM+ incorporan mecanismos de alerta personalizables que notifican a los organizadores y al personal del evento cuando los niveles de contaminantes superan umbrales predeterminados. Estas alertas oportunas permiten actuar con prontitud para mantener unas condiciones \u00f3ptimas de calidad del aire interior.<\/p>\n\n<p><strong>An\u00e1lisis de datos hist\u00f3ricos:<\/strong> Los dispositivos almacenan datos hist\u00f3ricos, lo que permite un an\u00e1lisis exhaustivo de las tendencias de la calidad del aire a lo largo del tiempo. Este an\u00e1lisis ayuda a identificar pautas y posibles \u00e1reas de mejora en las estrategias de gesti\u00f3n de la calidad del aire interior.<\/p>\n\n<figure class=\"wp-block-image alignright\"><img loading=\"lazy\" decoding=\"async\" width=\"300\" height=\"209\" src=\"https:\/\/praxas.com\/wp-content\/uploads\/News-el-wem-image-300x209.jpg\" alt=\"mujeres con monitor de calidad del aire\" class=\"wp-image-11430\" srcset=\"https:\/\/praxas.com\/wp-content\/uploads\/News-el-wem-image-300x209.jpg 300w, https:\/\/praxas.com\/wp-content\/uploads\/News-el-wem-image-768x534.jpg 768w, https:\/\/praxas.com\/wp-content\/uploads\/News-el-wem-image-120x83.jpg 120w, https:\/\/praxas.com\/wp-content\/uploads\/News-el-wem-image-990x688.jpg 990w, https:\/\/praxas.com\/wp-content\/uploads\/News-el-wem-image-441x306.jpg 441w, https:\/\/praxas.com\/wp-content\/uploads\/News-el-wem-image-800x556.jpg 800w, https:\/\/praxas.com\/wp-content\/uploads\/News-el-wem-image-150x104.jpg 150w, https:\/\/praxas.com\/wp-content\/uploads\/News-el-wem-image.jpg 1000w\" sizes=\"auto, (max-width: 300px) 100vw, 300px\" \/><\/figure>\n\n<p>Controlar la calidad del aire interior es de suma importancia durante los actos que se celebran en zonas afectadas por incendios forestales y con una calidad del aire exterior comprometida. El <strong><a href=\"https:\/\/praxas.com\/es\/product\/registradores-de-datos\/calidad-del-aire\/el-wem\/\" data-type=\"link\" data-id=\"https:\/\/praxas.com\/product\/data-loggers\/air-quality\/easylog-el-wem\/\">EL-WEM<\/a><\/strong> y <strong><a href=\"https:\/\/praxas.com\/es\/product\/registradores-de-datos\/calidad-del-aire\/el-wem-2\/\" data-type=\"link\" data-id=\"https:\/\/praxas.com\/product\/data-loggers\/air-quality\/easylog-el-wemplus\/\">EL-WEM+<\/a><\/strong> disponibles en Praxas, ofrecen una soluci\u00f3n innovadora para controlar eficazmente los niveles de COV, part\u00edculas y<sub>CO2<\/sub>, garantizando un ambiente interior sano y seguro para los asistentes a eventos. Implementando estos dispositivos junto con sistemas adecuados de filtraci\u00f3n de aire y ventilaci\u00f3n, y monitorizaci\u00f3n en tiempo real, los organizadores de eventos pueden gestionar proactivamente la calidad del aire interior, minimizando los riesgos potenciales para la salud asociados a los contaminantes relacionados con los incendios forestales. Dar prioridad al bienestar de los asistentes mediante una gesti\u00f3n exhaustiva de la calidad del aire sigue siendo primordial para crear eventos exitosos y seguros.<\/p>\n","protected":false},"excerpt":{"rendered":"<p>En las regiones afectadas por incendios forestales, el disminuci\u00f3n de la calidad del aire exterior requiere una mayor atenci\u00f3n a los ambientes interiores, especialmente durante actos y conferencias. Controlar la calidad del aire interior en las zonas afectadas por incendios forestales es primordial para proteger el bienestar de los participantes. En este art\u00edculo, haremos hincapi\u00e9 [&hellip;]<\/p>\n","protected":false},"author":4,"featured_media":33131,"comment_status":"closed","ping_status":"closed","sticky":false,"template":"","format":"standard","meta":{"_acf_changed":false,"content-type":"","_uag_custom_page_level_css":"","footnotes":""},"categories":[1658],"tags":[],"class_list":["post-33128","post","type-post","status-publish","format-standard","has-post-thumbnail","hentry","category-noticias"],"acf":[],"spectra_custom_meta":{"_encloseme":["1"],"_top_nav_excluded":[""],"_cms_nav_minihome":[""],"_thumbnail_id":["33131"],"_last_translation_edit_mode":["translation-editor"],"rank_math_primary_category":["145","145"],"_wpml_word_count":["763"],"rank_math_title":["  Calidad del aire en incendios forestales"],"rank_math_description":["Controlar la calidad del aire interior en las zonas afectadas por incendios forestales, es crucial para salvaguardar el bienestar de las personas durante los sucesos debido al reciente descenso de la calidad del aire"],"rank_math_focus_keyword":["Calidad del aire interior en zonas afectadas por incendios forestales"],"_uag_css_file_name":["uag-css-33128.css"],"_uag_page_assets":["a:9:{s:3:\"css\";s:263:\".uag-blocks-common-selector{z-index:var(--z-index-desktop) !important}@media (max-width: 976px){.uag-blocks-common-selector{z-index:var(--z-index-tablet) !important}}@media (max-width: 767px){.uag-blocks-common-selector{z-index:var(--z-index-mobile) !important}}\n\";s:2:\"js\";s:0:\"\";s:18:\"current_block_list\";a:4:{i:0;s:14:\"core\/paragraph\";i:1;s:12:\"core\/heading\";i:2;s:10:\"core\/image\";i:3;s:11:\"core\/spacer\";}s:8:\"uag_flag\";b:0;s:11:\"uag_version\";s:10:\"1777052440\";s:6:\"gfonts\";a:0:{}s:10:\"gfonts_url\";s:0:\"\";s:12:\"gfonts_files\";a:0:{}s:14:\"uag_faq_layout\";b:0;}"]},"uagb_featured_image_src":{"full":["https:\/\/praxas.com\/wp-content\/uploads\/EL-WEM-Main.jpg",1200,630,false],"thumbnail":["https:\/\/praxas.com\/wp-content\/uploads\/EL-WEM-Main-150x150.jpg",150,150,true],"medium":["https:\/\/praxas.com\/wp-content\/uploads\/EL-WEM-Main-300x158.jpg",300,158,true],"medium_large":["https:\/\/praxas.com\/wp-content\/uploads\/EL-WEM-Main-768x403.jpg",768,403,true],"large":["https:\/\/praxas.com\/wp-content\/uploads\/EL-WEM-Main-1024x538.jpg",1024,538,true],"1536x1536":["https:\/\/praxas.com\/wp-content\/uploads\/EL-WEM-Main.jpg",1200,630,false],"2048x2048":["https:\/\/praxas.com\/wp-content\/uploads\/EL-WEM-Main.jpg",1200,630,false],"crunchify-admin-post-featured-image":["https:\/\/praxas.com\/wp-content\/uploads\/EL-WEM-Main-120x63.jpg",120,63,true],"commercegurus-pdp-large":["https:\/\/praxas.com\/wp-content\/uploads\/EL-WEM-Main-990x520.jpg",990,520,true],"commercegurus-plp-mobile":["https:\/\/praxas.com\/wp-content\/uploads\/EL-WEM-Main-441x232.jpg",441,232,true],"cgkit_image_swatch":["https:\/\/praxas.com\/wp-content\/uploads\/EL-WEM-Main-100x100.jpg",100,100,true],"woocommerce_thumbnail":["https:\/\/praxas.com\/wp-content\/uploads\/EL-WEM-Main-300x158.jpg",300,158,true],"woocommerce_single":["https:\/\/praxas.com\/wp-content\/uploads\/EL-WEM-Main-800x420.jpg",800,420,true],"woocommerce_gallery_thumbnail":["https:\/\/praxas.com\/wp-content\/uploads\/EL-WEM-Main-150x79.jpg",150,79,true]},"uagb_author_info":{"display_name":"Beth Foord","author_link":"https:\/\/praxas.com\/es\/author\/beth\/"},"uagb_comment_info":0,"uagb_excerpt":"En las regiones afectadas por incendios forestales, el disminuci\u00f3n de la calidad del aire exterior requiere una mayor atenci\u00f3n a los ambientes interiores, especialmente durante actos y conferencias. Controlar la calidad del aire interior en las zonas afectadas por incendios forestales es primordial para proteger el bienestar de los participantes. En este art\u00edculo, haremos hincapi\u00e9&hellip;","_links":{"self":[{"href":"https:\/\/praxas.com\/es\/wp-json\/wp\/v2\/posts\/33128","targetHints":{"allow":["GET"]}}],"collection":[{"href":"https:\/\/praxas.com\/es\/wp-json\/wp\/v2\/posts"}],"about":[{"href":"https:\/\/praxas.com\/es\/wp-json\/wp\/v2\/types\/post"}],"author":[{"embeddable":true,"href":"https:\/\/praxas.com\/es\/wp-json\/wp\/v2\/users\/4"}],"replies":[{"embeddable":true,"href":"https:\/\/praxas.com\/es\/wp-json\/wp\/v2\/comments?post=33128"}],"version-history":[{"count":3,"href":"https:\/\/praxas.com\/es\/wp-json\/wp\/v2\/posts\/33128\/revisions"}],"predecessor-version":[{"id":53263,"href":"https:\/\/praxas.com\/es\/wp-json\/wp\/v2\/posts\/33128\/revisions\/53263"}],"wp:featuredmedia":[{"embeddable":true,"href":"https:\/\/praxas.com\/es\/wp-json\/wp\/v2\/media\/33131"}],"wp:attachment":[{"href":"https:\/\/praxas.com\/es\/wp-json\/wp\/v2\/media?parent=33128"}],"wp:term":[{"taxonomy":"category","embeddable":true,"href":"https:\/\/praxas.com\/es\/wp-json\/wp\/v2\/categories?post=33128"},{"taxonomy":"post_tag","embeddable":true,"href":"https:\/\/praxas.com\/es\/wp-json\/wp\/v2\/tags?post=33128"}],"curies":[{"name":"wp","href":"https:\/\/api.w.org\/{rel}","templated":true}]}}