{"id":48857,"date":"2025-05-01T14:50:21","date_gmt":"2025-05-01T12:50:21","guid":{"rendered":"https:\/\/praxas.com\/proteger-las-vacunas-y-las-muestras-de-laboratorio-durante-los-cortes-de-electricidad\/"},"modified":"2025-10-14T17:48:29","modified_gmt":"2025-10-14T15:48:29","slug":"proteger-las-vacunas-y-las-muestras-de-laboratorio-durante-los-cortes-de-electricidad","status":"publish","type":"post","link":"https:\/\/praxas.com\/es\/proteger-las-vacunas-y-las-muestras-de-laboratorio-durante-los-cortes-de-electricidad\/","title":{"rendered":"Proteger las vacunas y las muestras de laboratorio durante los cortes de electricidad"},"content":{"rendered":"\n<div class=\"wp-block-columns is-layout-flex wp-container-core-columns-is-layout-28f84493 wp-block-columns-is-layout-flex\">\n<div class=\"wp-block-column is-layout-flow wp-block-column-is-layout-flow\">\n<h2 class=\"wp-block-heading has-text-color has-link-color wp-elements-673e03e5da0a0db3e1d9fcebd3ee5528\" style=\"color:#205d8f\">\u00bfQu\u00e9 ocurre con los medicamentos en caso de apag\u00f3n?<\/h2>\n\n\n\n<p>Los cortes de electricidad pueden tener graves repercusiones en el almacenamiento frigor\u00edfico m\u00e9dico. Desde vacunas y productos sangu\u00edneos hasta muestras de laboratorio y medicamentos sensibles a la temperatura, incluso breves periodos sin electricidad pueden comprometer la seguridad y la eficacia. <\/p>\n\n\n\n<p>Como demostr\u00f3 el reciente apag\u00f3n de Espa\u00f1a y Portugal, los proveedores sanitarios y los laboratorios de investigaci\u00f3n deben estar preparados. Cuando se va la luz inesperadamente, \u00bfc\u00f3mo puedes mantener a salvo las c\u00e1maras frigor\u00edficas? \u00bfY qu\u00e9 debes hacer para recuperarte cuando vuelva la electricidad?  <\/p>\n\n\n\n<p>Exploremos las respuestas.<\/p>\n<\/div>\n<\/div>\n\n<div style=\"height:60px\" aria-hidden=\"true\" class=\"wp-block-spacer\"><\/div>\n\n<div class=\"wp-block-columns is-layout-flex wp-container-core-columns-is-layout-28f84493 wp-block-columns-is-layout-flex\">\n<div class=\"wp-block-column is-layout-flow wp-block-column-is-layout-flow\">\n<div class=\"wp-block-columns is-layout-flex wp-container-core-columns-is-layout-28f84493 wp-block-columns-is-layout-flex\">\n<div class=\"wp-block-column is-vertically-aligned-center is-layout-flow wp-block-column-is-layout-flow\">\n<h2 class=\"wp-block-heading has-text-color has-link-color wp-elements-06c6f3234042940df45c4eac6497aacb\" style=\"color:#205d8f\">\u00bfCu\u00e1nto tiempo se mantiene fr\u00eda una nevera m\u00e9dica durante un corte de electricidad?<\/h2>\n\n\n\n<p>La mayor\u00eda de los frigor\u00edficos m\u00e9dicos pueden mantenerse fr\u00edos durante unas 4 horas si se mantiene la puerta cerrada. Los congeladores pueden durar m\u00e1s; a veces hasta 24 horas, dependiendo del aislamiento y de lo llena que est\u00e9 la unidad. <\/p>\n\n\n\n<p>Estos tiempos pueden variar, por lo que es fundamental controlar la temperatura durante una interrupci\u00f3n.<\/p>\n<\/div>\n\n\n\n<div class=\"wp-block-column is-layout-flow wp-block-column-is-layout-flow\">\n<figure class=\"wp-block-image aligncenter size-large is-resized has-custom-border\"><img loading=\"lazy\" decoding=\"async\" width=\"1024\" height=\"1024\" src=\"https:\/\/praxas.com\/wp-content\/uploads\/Pharmacy-1024x1024.jpg\" alt=\"Subindustria | Farmacia | Biotecnolog&#xED;a y Farmacia\" class=\"wp-image-47514\" style=\"border-radius:30px;box-shadow:var(--wp--preset--shadow--natural);width:383px;height:auto\" srcset=\"https:\/\/praxas.com\/wp-content\/uploads\/Pharmacy-1024x1024.jpg 1024w, https:\/\/praxas.com\/wp-content\/uploads\/Pharmacy-300x300.jpg 300w, https:\/\/praxas.com\/wp-content\/uploads\/Pharmacy-150x150.jpg 150w, https:\/\/praxas.com\/wp-content\/uploads\/Pharmacy-768x768.jpg 768w, https:\/\/praxas.com\/wp-content\/uploads\/Pharmacy-120x120.jpg 120w, https:\/\/praxas.com\/wp-content\/uploads\/Pharmacy-990x990.jpg 990w, https:\/\/praxas.com\/wp-content\/uploads\/Pharmacy-441x441.jpg 441w, https:\/\/praxas.com\/wp-content\/uploads\/Pharmacy-100x100.jpg 100w, https:\/\/praxas.com\/wp-content\/uploads\/Pharmacy-350x350.jpg 350w, https:\/\/praxas.com\/wp-content\/uploads\/Pharmacy-800x800.jpg 800w, https:\/\/praxas.com\/wp-content\/uploads\/Pharmacy.jpg 1436w\" sizes=\"auto, (max-width: 1024px) 100vw, 1024px\" \/><\/figure>\n<\/div>\n<\/div>\n<\/div>\n<\/div>\n\n<div style=\"height:60px\" aria-hidden=\"true\" class=\"wp-block-spacer\"><\/div>\n\n<div class=\"wp-block-columns is-layout-flex wp-container-core-columns-is-layout-28f84493 wp-block-columns-is-layout-flex\">\n<div class=\"wp-block-column is-layout-flow wp-block-column-is-layout-flow\">\n<h2 class=\"wp-block-heading has-text-color has-link-color wp-elements-5a43e43b0b940c3e08590611d3c45c86\" style=\"color:#205d8f\">\u00bfC\u00f3mo mantener fr\u00edos los medicamentos cuando se va la luz?<\/h2>\n\n\n\n<p>Aqu\u00ed tienes unos cuantos pasos r\u00e1pidos que puedes dar:<\/p>\n\n\n\n<ul style=\"padding-top:0;padding-bottom:0\" class=\"wp-block-list\">\n<li>Mant\u00e9n cerradas las puertas del frigor\u00edfico y del congelador tanto como sea posible  <\/li>\n\n\n\n<li>Coloca dentro paquetes de gel, botellas de agua congelada o bolsas de hielo para a\u00f1adir masa fr\u00eda  <\/li>\n\n\n\n<li>Etiqueta las unidades como \u00abNo usar\u00bb  <\/li>\n\n\n\n<li>Utiliza neveras aislantes si necesitas trasladar objetos  <\/li>\n\n\n\n<li>Para cortes m\u00e1s prolongados, pasa a la alimentaci\u00f3n de reserva si est\u00e1 disponible  <\/li>\n<\/ul>\n<\/div>\n<\/div>\n\n<div style=\"height:40px\" aria-hidden=\"true\" class=\"wp-block-spacer\"><\/div>\n\n<div class=\"wp-block-columns is-layout-flex wp-container-core-columns-is-layout-28f84493 wp-block-columns-is-layout-flex\">\n<div class=\"wp-block-column has-background is-layout-flow wp-block-column-is-layout-flow\" style=\"border-radius:30px;background-color:#e5e5e5;padding-top:var(--wp--preset--spacing--small);padding-right:var(--wp--preset--spacing--medium);padding-bottom:var(--wp--preset--spacing--medium);padding-left:var(--wp--preset--spacing--medium)\">\n<figure class=\"wp-block-image size-large has-custom-border\"><img loading=\"lazy\" decoding=\"async\" width=\"1024\" height=\"512\" src=\"https:\/\/praxas.com\/wp-content\/uploads\/Block-Vaccine-1024x512.jpg\" alt=\"Industria | Vacuna\" class=\"wp-image-48048\" style=\"border-radius:30px;box-shadow:var(--wp--preset--shadow--natural)\" srcset=\"https:\/\/praxas.com\/wp-content\/uploads\/Block-Vaccine-1024x512.jpg 1024w, https:\/\/praxas.com\/wp-content\/uploads\/Block-Vaccine-300x150.jpg 300w, https:\/\/praxas.com\/wp-content\/uploads\/Block-Vaccine-768x384.jpg 768w, https:\/\/praxas.com\/wp-content\/uploads\/Block-Vaccine-1536x768.jpg 1536w, https:\/\/praxas.com\/wp-content\/uploads\/Block-Vaccine-120x60.jpg 120w, https:\/\/praxas.com\/wp-content\/uploads\/Block-Vaccine-990x495.jpg 990w, https:\/\/praxas.com\/wp-content\/uploads\/Block-Vaccine-441x221.jpg 441w, https:\/\/praxas.com\/wp-content\/uploads\/Block-Vaccine-350x175.jpg 350w, https:\/\/praxas.com\/wp-content\/uploads\/Block-Vaccine-800x400.jpg 800w, https:\/\/praxas.com\/wp-content\/uploads\/Block-Vaccine-150x75.jpg 150w, https:\/\/praxas.com\/wp-content\/uploads\/Block-Vaccine.jpg 2048w\" sizes=\"auto, (max-width: 1024px) 100vw, 1024px\" \/><\/figure>\n\n\n\n<h2 class=\"wp-block-heading has-text-color has-link-color wp-elements-81ddaab9903798900eda20991f012b87\" style=\"color:#205d8f\">\u00bfQu\u00e9 hacer cuando un frigor\u00edfico para vacunas pierde potencia?  <\/h2>\n\n\n\n<p>Un corte de electricidad no tiene por qu\u00e9 significar vacunas estropeadas, pero es esencial actuar con rapidez.<\/p>\n\n\n\n<ul class=\"wp-block-list\">\n<li><strong>Mant\u00e9n cerrada la puerta del frigor\u00edfico<\/strong> para atrapar el aire fr\u00edo y ralentizar el aumento de temperatura.<br\/><\/li>\n\n\n\n<li><strong>Comprueba tu <a href=\"https:\/\/praxas.com\/es\/categorias-de-producto\/registradores-de-datos\/registradores-de-datos-de-temperatura\/\" data-type=\"link\" data-id=\"https:\/\/praxas.com\/en\/product-category\/data-loggers\/temperature-data-loggers\/\">registrador de temperatura<\/a><\/strong> para ver cu\u00e1nto tiempo ha estado apagado el frigor\u00edfico y si se han superado los l\u00edmites de seguridad.<br\/><\/li>\n\n\n\n<li><strong>Si la electricidad no vuelve r\u00e1pidamente<\/strong>, traslada las vacunas a un frigor\u00edfico con generador de reserva o a una caja fr\u00eda validada.<br\/><\/li>\n\n\n\n<li><strong>Si las temperaturas se salieron del rango<\/strong>, pon las vacunas en cuarentena y etiqu\u00e9talas claramente como \u00abNo utilizar\u00bb hasta que se eval\u00faen.<\/li>\n<\/ul>\n\n\n\n<p>En Praxas, apoyamos la recuperaci\u00f3n de la cadena de fr\u00edo con <strong>los registradores de datos EasyLog y LogTag<\/strong>.<\/p>\n\n\n\n<h3 class=\"wp-block-heading has-text-color has-link-color wp-elements-39fae4675569e91cc29143dad25073e4\" style=\"color:#009ee0\">\u00bfCu\u00e1nto tiempo pueden estar las vacunas fuera del frigor\u00edfico?<\/h3>\n\n\n\n<p>Las vacunas son muy sensibles. La mayor\u00eda s\u00f3lo pueden estar fuera del frigor\u00edfico unas horas, y s\u00f3lo si la temperatura se mantiene en el intervalo seguro. Si las temperaturas suben o bajan demasiado, la vacuna puede perder potencia; puedes hacer un seguimiento de las temperaturas utilizando <a href=\"https:\/\/praxas.com\/es\/categorias-de-producto\/registradores-de-datos\/seguimiento-de-la-vacuna\/\" data-type=\"link\" data-id=\"https:\/\/praxas.com\/en\/product-category\/data-loggers\/vaccine-monitoring\/\">un registrador de datos de vacunas<\/a>.  <\/p>\n\n\n\n<p>Consulta siempre a tu proveedor o fabricante antes de utilizar vacunas que puedan haber estado expuestas.<\/p>\n<\/div>\n<\/div>\n\n<div style=\"height:60px\" aria-hidden=\"true\" class=\"wp-block-spacer\"><\/div>\n\n<div class=\"wp-block-columns is-layout-flex wp-container-core-columns-is-layout-28f84493 wp-block-columns-is-layout-flex\">\n<div class=\"wp-block-column is-layout-flow wp-block-column-is-layout-flow\">\n<h2 class=\"wp-block-heading has-text-color has-link-color wp-elements-e34d6efea859f725f5cea813824f0f32\" style=\"color:#205d8f\">\u00bfC\u00f3mo garantizar la seguridad de la sangre y las muestras de laboratorio en caso de apag\u00f3n?<\/h2>\n\n\n\n<p>La sangre, el plasma y las muestras de laboratorio necesitan temperaturas muy espec\u00edficas para mantenerse seguros. Por lo general, la sangre debe conservarse entre <strong>1 y 6 \u00b0C<\/strong>, las plaquetas entre <strong>20 y 24 \u00b0C<\/strong>, y algunos materiales de investigaci\u00f3n a temperaturas ultrabajas como <strong>-80 \u00b0C<\/strong>. <\/p>\n\n\n\n<p>Los cortes de electricidad pueden ponerlos r\u00e1pidamente en peligro. Por eso es importante tener preparada energ\u00eda de reserva, y utilizar frigor\u00edficos y congeladores que se mantengan fr\u00edos incluso sin electricidad. <\/p>\n\n\n\n<p><strong>\n  <a href=\"https:\/\/praxas.com\/es\/categorias-de-producto\/registradores-de-datos\/registradores-de-datos-de-temperatura\/\" data-type=\"link\" data-id=\"https:\/\/praxas.com\/en\/product-category\/data-loggers\/temperature-data-loggers\/\">Los registradores de temperatura<\/a>\n<\/strong> son esenciales; te ayudan a ver inmediatamente si algo ha ido mal. Y si tienes que trasladar muestras, disponer de neveras y de un plan de emergencia claro marca la diferencia. <\/p>\n\n\n\n<p>Praxas lo apoya con congeladores de temperatura ultrabaja como la <a href=\"https:\/\/praxas.com\/en\/shop\/product-features-multi-voltage\/\" data-type=\"link\" data-id=\"https:\/\/praxas.com\/en\/shop\/product-features-multi-voltage\/\">gama Arctiko ULUF MV<\/a>, fabricados para proteger incluso las muestras m\u00e1s sensibles durante una interrupci\u00f3n.<\/p>\n<\/div>\n<\/div>\n\n<div style=\"height:60px\" aria-hidden=\"true\" class=\"wp-block-spacer\"><\/div>\n\n<div class=\"wp-block-columns is-layout-flex wp-container-core-columns-is-layout-28f84493 wp-block-columns-is-layout-flex\">\n<div class=\"wp-block-column is-layout-flow wp-block-column-is-layout-flow\">\n<h2 class=\"wp-block-heading has-text-color has-link-color wp-elements-e4f0fccd9b2f1301ea58af48a7f1ab3b\" style=\"color:#205d8f\">\u00bfQu\u00e9 pasa si hay un corte de luz en el hospital?<\/h2>\n\n\n\n<p>La mayor\u00eda de los hospitales utilizan generadores de reserva para mantener en funcionamiento los equipos cr\u00edticos durante un apag\u00f3n. Pero incluso con energ\u00eda de reserva, sigue habiendo riesgos. <\/p>\n\n\n\n<ul class=\"wp-block-list\">\n<li><strong>\u00bfPueden desconectarse los sistemas automatizados de medicaci\u00f3n?<\/strong>  S\u00ed, algunos sistemas de dispensaci\u00f3n electr\u00f3nica pueden dejar de funcionar hasta que se restablezcan por completo.<\/li>\n\n\n\n<li><strong>\u00bfLos frigor\u00edficos para vacunas podr\u00edan salirse de la gama?<\/strong>  Absolutamente. Cualquier desviaci\u00f3n de la temperatura pone en peligro las vacunas. <\/li>\n\n\n\n<li><strong>\u00bfY la sangre y el plasma?<\/strong>  Necesitan atenci\u00f3n urgente. Incluso los peque\u00f1os retrasos pueden provocar despilfarro. <\/li>\n<\/ul>\n\n\n\n<p>La mejor forma de reducir estos riesgos es sencilla: vigilar de cerca las temperaturas, disponer de PNT (Procedimientos Operativos Est\u00e1ndar) claros y asegurarse de que el personal sabe exactamente qu\u00e9 hacer cuando se interrumpe el suministro el\u00e9ctrico.<\/p>\n\n\n\n<div style=\"height:20px\" aria-hidden=\"true\" class=\"wp-block-spacer\"><\/div>\n\n\n\n<figure class=\"wp-block-image size-large has-custom-border\"><img loading=\"lazy\" decoding=\"async\" width=\"1024\" height=\"682\" src=\"https:\/\/praxas.com\/wp-content\/uploads\/Medication-Storage-1024x682.png\" alt=\"Corte de electricidad | Almacenamiento de medicamentos\" class=\"wp-image-48835\" style=\"border-radius:30px;aspect-ratio:16\/9;object-fit:cover\" srcset=\"https:\/\/praxas.com\/wp-content\/uploads\/Medication-Storage-1024x682.png 1024w, https:\/\/praxas.com\/wp-content\/uploads\/Medication-Storage-300x200.png 300w, https:\/\/praxas.com\/wp-content\/uploads\/Medication-Storage-768x512.png 768w, https:\/\/praxas.com\/wp-content\/uploads\/Medication-Storage-1536x1024.png 1536w, https:\/\/praxas.com\/wp-content\/uploads\/Medication-Storage-2048x1365.png 2048w, https:\/\/praxas.com\/wp-content\/uploads\/Medication-Storage-120x80.png 120w, https:\/\/praxas.com\/wp-content\/uploads\/Medication-Storage-990x660.png 990w, https:\/\/praxas.com\/wp-content\/uploads\/Medication-Storage-441x294.png 441w, https:\/\/praxas.com\/wp-content\/uploads\/Medication-Storage-350x233.png 350w, https:\/\/praxas.com\/wp-content\/uploads\/Medication-Storage-800x533.png 800w, https:\/\/praxas.com\/wp-content\/uploads\/Medication-Storage-150x100.png 150w\" sizes=\"auto, (max-width: 1024px) 100vw, 1024px\" \/><\/figure>\n<\/div>\n<\/div>\n\n<div style=\"height:20px\" aria-hidden=\"true\" class=\"wp-block-spacer\"><\/div>\n\n<div class=\"wp-block-columns is-layout-flex wp-container-core-columns-is-layout-28f84493 wp-block-columns-is-layout-flex\">\n<div class=\"wp-block-column is-layout-flow wp-block-column-is-layout-flow\">\n<h2 class=\"wp-block-heading has-text-color has-link-color wp-elements-565e98405f70c57fe3d1694f1bbf94e0\" style=\"color:#205d8f\">\u00bfC\u00f3mo recuperar los medicamentos tras un corte de electricidad?<\/h2>\n\n\n\n<p>Cuando vuelva la electricidad, es importante actuar con rapidez, pero con cuidado.<\/p>\n\n\n\n<ul class=\"wp-block-list\">\n<li><strong>Empieza anotando la hora a<\/strong> la que se fue la luz y cu\u00e1ndo volvi\u00f3.<br\/><\/li>\n\n\n\n<li><strong>Comprueba el historial de temperaturas<\/strong> utilizando tu registrador o la pantalla del frigor\u00edfico para ver si se han superado los rangos de seguridad.<br\/><\/li>\n\n\n\n<li><strong>Marca los medicamentos afectados<\/strong> como \u00abNo utilizar\u00bb hasta que te orienten.<br\/><\/li>\n\n\n\n<li><strong>Ponte en contacto con tu proveedor o con la autoridad sanitaria<\/strong> para confirmar qu\u00e9 puede guardarse y qu\u00e9 debe desecharse.<br\/><\/li>\n\n\n\n<li><strong>Lleva un registro claro<\/strong> de todo: esto te ayudar\u00e1 con las comprobaciones de seguridad y las auditor\u00edas.<\/li>\n<\/ul>\n\n\n\n<p>Si utilizas <a href=\"https:\/\/praxas.com\/es\/easylog-cloud-es\/\" data-type=\"link\" data-id=\"https:\/\/praxas.com\/en\/easylog-cloud\/\">EasyLog Cloud<\/a>, tus datos de temperatura y alertas ya est\u00e1n registrados, lo que facilita la toma de decisiones r\u00e1pidas e informadas cuando cada minuto cuenta.<\/p>\n<\/div>\n<\/div>\n\n<div style=\"height:60px\" aria-hidden=\"true\" class=\"wp-block-spacer\"><\/div>\n\n<div class=\"wp-block-columns is-layout-flex wp-container-core-columns-is-layout-28f84493 wp-block-columns-is-layout-flex\">\n<div class=\"wp-block-column has-background is-layout-flow wp-block-column-is-layout-flow\" style=\"border-radius:30px;background-color:#e5e5e5;padding-top:var(--wp--preset--spacing--medium);padding-right:var(--wp--preset--spacing--medium);padding-bottom:var(--wp--preset--spacing--medium);padding-left:var(--wp--preset--spacing--medium)\">\n<h2 class=\"wp-block-heading has-text-align-left has-text-color has-link-color wp-elements-25151d66bb82a13ada2db7119b0429b8\" style=\"color:#205d8f\">Buenas pr\u00e1cticas para proteger el almacenamiento m\u00e9dico durante los cortes de electricidad<\/h2>\n\n\n\n<p>Aqu\u00ed tienes una lista r\u00e1pida:<\/p>\n\n\n\n<ul class=\"wp-block-list\">\n<li>Utiliza frigor\u00edficos y congeladores de uso m\u00e9dico  <\/li>\n\n\n\n<li>Instala sistemas de reserva de emergencia (bater\u00eda, generador, SAI)  <\/li>\n\n\n\n<li>Mant\u00e9n cerradas las puertas de las c\u00e1maras frigor\u00edficas durante los cortes  <\/li>\n\n\n\n<li>Controla las temperaturas con registradores de datos Wi-Fi (por ejemplo, EasyLog o LogTag)  <\/li>\n\n\n\n<li>Disponer de formaci\u00f3n del personal y de PNT de emergencia  <\/li>\n\n\n\n<li>Prepara neveras de transporte aisladas para el traslado  <\/li>\n\n\n\n<li>Cuando vuelva la electricidad, pon en cuarentena y eval\u00faa los objetos expuestos<\/li>\n<\/ul>\n<\/div>\n<\/div>\n\n<div style=\"height:60px\" aria-hidden=\"true\" class=\"wp-block-spacer\"><\/div>\n\n<div class=\"wp-block-columns is-layout-flex wp-container-core-columns-is-layout-28f84493 wp-block-columns-is-layout-flex\">\n<div class=\"wp-block-column is-layout-flow wp-block-column-is-layout-flow\" style=\"padding-top:var(--wp--preset--spacing--medium);padding-right:var(--wp--preset--spacing--medium);padding-bottom:var(--wp--preset--spacing--medium);padding-left:var(--wp--preset--spacing--medium)\">\n<h2 class=\"wp-block-heading has-text-color has-link-color wp-elements-09085997a8b90a45c940b4cb319d0a15\" style=\"color:#205d8f\">C\u00f3mo puede ayudar Praxas<\/h2>\n\n\n\n<p>En Praxas ayudamos a los proveedores sanitarios y a los laboratorios a proteger su cadena de fr\u00edo antes, durante y despu\u00e9s de un corte de electricidad. Nuestras soluciones incluyen: <\/p>\n\n\n\n<ul class=\"wp-block-list\">\n<li><a href=\"https:\/\/praxas.com\/es\/categorias-de-producto\/registradores-de-datos\/registradores-de-datos-de-temperatura\/\" data-type=\"link\" data-id=\"https:\/\/praxas.com\/en\/product-category\/data-loggers\/temperature-data-loggers\/\"><strong>Registradores de datos de temperatura<\/strong><\/a><\/li>\n\n\n\n<li><a href=\"https:\/\/praxas.com\/es\/categorias-de-producto\/registradores-de-datos\/seguimiento-de-la-vacuna\/\" data-type=\"link\" data-id=\"https:\/\/praxas.com\/en\/product-category\/data-loggers\/vaccine-monitoring\/\"><strong>Registradores de datos de vacunas<\/strong><\/a><\/li>\n\n\n\n<li><a href=\"https:\/\/praxas.com\/es\/categorias-de-producto\/refrigeracion_productos\/frigorificos\/\" data-type=\"link\" data-id=\"https:\/\/praxas.com\/en\/product-category\/refrigeration_products\/refrigerators\/\"><strong>Frigor\u00edficos m\u00e9dicos<\/strong><\/a><\/li>\n\n\n\n<li><a href=\"\/en?product_cat=biomedical_freezers\" data-type=\"link\" data-id=\"https:\/\/praxas.com\/en\/product-category\/refrigeration_products\/biomedical_freezers\/\"><strong>Congeladores m\u00e9dicos<\/strong><\/a><\/li>\n<\/ul>\n\n\n\n<p>Desde vacunas y medicamentos hasta productos sangu\u00edneos y muestras de investigaci\u00f3n, estamos aqu\u00ed para ayudarte a mantener seguro tu inventario, pase lo que pase con el suministro el\u00e9ctrico.<\/p>\n<\/div>\n<\/div>\n\n<div style=\"height:60px\" aria-hidden=\"true\" class=\"wp-block-spacer\"><\/div>\n\n<div class=\"wp-block-columns has-background is-layout-flex wp-container-core-columns-is-layout-0cbc501c wp-block-columns-is-layout-flex\" style=\"border-radius:15px;background-color:#e6e6e685;padding-top:var(--wp--preset--spacing--medium);padding-right:var(--wp--preset--spacing--medium);padding-bottom:var(--wp--preset--spacing--medium);padding-left:var(--wp--preset--spacing--medium)\">\n<div class=\"wp-block-column is-layout-flow wp-block-column-is-layout-flow\">\n<p>Para conocer normas detalladas sobre el almacenamiento y transporte de vacunas, incluida su manipulaci\u00f3n durante emergencias, la Agencia Europea de Medicamentos (EMA) ofrece <a class=\"\" href=\"https:\/\/www.ema.europa.eu\/en\" target=\"_blank\" rel=\"noopener\">aqu\u00ed<\/a> directrices completas sobre las mejores pr\u00e1cticas para garantizar la integridad de las vacunas.<\/p>\n<\/div>\n<\/div>\n\n<div style=\"height:100px\" aria-hidden=\"true\" class=\"wp-block-spacer\"><\/div>\n","protected":false},"excerpt":{"rendered":"<p>\u00bfQu\u00e9 ocurre con los medicamentos en caso de apag\u00f3n? Los cortes de electricidad pueden tener graves repercusiones en el almacenamiento frigor\u00edfico m\u00e9dico. Desde vacunas y productos sangu\u00edneos hasta muestras de laboratorio y medicamentos sensibles a la temperatura, incluso breves periodos sin electricidad pueden comprometer la seguridad y la eficacia. Como demostr\u00f3 el reciente apag\u00f3n de [&hellip;]<\/p>\n","protected":false},"author":8383,"featured_media":48850,"comment_status":"closed","ping_status":"closed","sticky":false,"template":"","format":"standard","meta":{"_acf_changed":false,"content-type":"","_uag_custom_page_level_css":"","footnotes":""},"categories":[1658],"tags":[3623,3598,3541,3595,3580,3530,3597,3542],"class_list":["post-48857","post","type-post","status-publish","format-standard","has-post-thumbnail","hentry","category-noticias","tag-almacenamiento-de-sangre","tag-almacenamiento-en-frio","tag-control-de-la-temperatura","tag-frigorifico-medico","tag-logistica","tag-registradores-de-datos","tag-sanidad","tag-seguimiento-de-la-vacuna"],"acf":[],"spectra_custom_meta":{"_encloseme":["1"],"_top_nav_excluded":[""],"_cms_nav_minihome":[""],"_thumbnail_id":["48850"],"_last_translation_edit_mode":["translation-editor"],"_wpml_word_count":["1226"],"rank_math_analytic_object_id":["1173"],"rank_math_primary_category":["145"],"rank_math_title":["Recuperaci\u00f3n de cortes de electricidad: Protege el almacenamiento m\u00e9dico %sep% %sitename%"],"rank_math_description":["Protege las vacunas, la sangre y las muestras de laboratorio durante los cortes de electricidad con estrategias clave de recuperaci\u00f3n y consejos para controlar la temperatura."],"rank_math_focus_keyword":["apag\u00f3n"],"_uag_css_file_name":["uag-css-48857.css"],"_uag_page_assets":["a:9:{s:3:\"css\";s:263:\".uag-blocks-common-selector{z-index:var(--z-index-desktop) !important}@media (max-width: 976px){.uag-blocks-common-selector{z-index:var(--z-index-tablet) !important}}@media (max-width: 767px){.uag-blocks-common-selector{z-index:var(--z-index-mobile) !important}}\n\";s:2:\"js\";s:0:\"\";s:18:\"current_block_list\";a:8:{i:0;s:12:\"core\/columns\";i:1;s:11:\"core\/column\";i:2;s:12:\"core\/heading\";i:3;s:14:\"core\/paragraph\";i:4;s:11:\"core\/spacer\";i:6;s:10:\"core\/image\";i:7;s:9:\"core\/list\";i:8;s:14:\"core\/list-item\";}s:8:\"uag_flag\";b:0;s:11:\"uag_version\";s:10:\"1777052440\";s:6:\"gfonts\";a:0:{}s:10:\"gfonts_url\";s:0:\"\";s:12:\"gfonts_files\";a:0:{}s:14:\"uag_faq_layout\";b:0;}"]},"uagb_featured_image_src":{"full":["https:\/\/praxas.com\/wp-content\/uploads\/Power-Outage.png",2048,1024,false],"thumbnail":["https:\/\/praxas.com\/wp-content\/uploads\/Power-Outage-150x150.png",150,150,true],"medium":["https:\/\/praxas.com\/wp-content\/uploads\/Power-Outage-300x150.png",300,150,true],"medium_large":["https:\/\/praxas.com\/wp-content\/uploads\/Power-Outage-768x384.png",768,384,true],"large":["https:\/\/praxas.com\/wp-content\/uploads\/Power-Outage-1024x512.png",1024,512,true],"1536x1536":["https:\/\/praxas.com\/wp-content\/uploads\/Power-Outage-1536x768.png",1536,768,true],"2048x2048":["https:\/\/praxas.com\/wp-content\/uploads\/Power-Outage.png",2048,1024,false],"crunchify-admin-post-featured-image":["https:\/\/praxas.com\/wp-content\/uploads\/Power-Outage-120x60.png",120,60,true],"commercegurus-pdp-large":["https:\/\/praxas.com\/wp-content\/uploads\/Power-Outage-990x495.png",990,495,true],"commercegurus-plp-mobile":["https:\/\/praxas.com\/wp-content\/uploads\/Power-Outage-441x221.png",441,221,true],"cgkit_image_swatch":["https:\/\/praxas.com\/wp-content\/uploads\/Power-Outage-100x100.png",100,100,true],"woocommerce_thumbnail":["https:\/\/praxas.com\/wp-content\/uploads\/Power-Outage-350x175.png",350,175,true],"woocommerce_single":["https:\/\/praxas.com\/wp-content\/uploads\/Power-Outage-800x400.png",800,400,true],"woocommerce_gallery_thumbnail":["https:\/\/praxas.com\/wp-content\/uploads\/Power-Outage-150x75.png",150,75,true]},"uagb_author_info":{"display_name":"Alex James","author_link":"https:\/\/praxas.com\/es\/author\/alex\/"},"uagb_comment_info":0,"uagb_excerpt":"\u00bfQu\u00e9 ocurre con los medicamentos en caso de apag\u00f3n? Los cortes de electricidad pueden tener graves repercusiones en el almacenamiento frigor\u00edfico m\u00e9dico. Desde vacunas y productos sangu\u00edneos hasta muestras de laboratorio y medicamentos sensibles a la temperatura, incluso breves periodos sin electricidad pueden comprometer la seguridad y la eficacia. Como demostr\u00f3 el reciente apag\u00f3n de&hellip;","_links":{"self":[{"href":"https:\/\/praxas.com\/es\/wp-json\/wp\/v2\/posts\/48857","targetHints":{"allow":["GET"]}}],"collection":[{"href":"https:\/\/praxas.com\/es\/wp-json\/wp\/v2\/posts"}],"about":[{"href":"https:\/\/praxas.com\/es\/wp-json\/wp\/v2\/types\/post"}],"author":[{"embeddable":true,"href":"https:\/\/praxas.com\/es\/wp-json\/wp\/v2\/users\/8383"}],"replies":[{"embeddable":true,"href":"https:\/\/praxas.com\/es\/wp-json\/wp\/v2\/comments?post=48857"}],"version-history":[{"count":6,"href":"https:\/\/praxas.com\/es\/wp-json\/wp\/v2\/posts\/48857\/revisions"}],"predecessor-version":[{"id":52107,"href":"https:\/\/praxas.com\/es\/wp-json\/wp\/v2\/posts\/48857\/revisions\/52107"}],"wp:featuredmedia":[{"embeddable":true,"href":"https:\/\/praxas.com\/es\/wp-json\/wp\/v2\/media\/48850"}],"wp:attachment":[{"href":"https:\/\/praxas.com\/es\/wp-json\/wp\/v2\/media?parent=48857"}],"wp:term":[{"taxonomy":"category","embeddable":true,"href":"https:\/\/praxas.com\/es\/wp-json\/wp\/v2\/categories?post=48857"},{"taxonomy":"post_tag","embeddable":true,"href":"https:\/\/praxas.com\/es\/wp-json\/wp\/v2\/tags?post=48857"}],"curies":[{"name":"wp","href":"https:\/\/api.w.org\/{rel}","templated":true}]}}