{"id":29498,"date":"2018-12-17T13:50:58","date_gmt":"2018-12-17T12:50:58","guid":{"rendered":"https:\/\/staging.praxas.com\/enregistreur-de-temperature-et-dhumidite-a-deux-canaux-avec-sonde-externe\/"},"modified":"2025-09-01T16:04:56","modified_gmt":"2025-09-01T14:04:56","slug":"enregistreur-de-temperature-et-dhumidite-a-deux-canaux-avec-sonde-externe","status":"publish","type":"post","link":"https:\/\/praxas.com\/fr\/enregistreur-de-temperature-et-dhumidite-a-deux-canaux-avec-sonde-externe\/","title":{"rendered":"Enregistreur de temp\u00e9rature et d&rsquo;humidit\u00e9 \u00e0 deux canaux avec sonde externe"},"content":{"rendered":"&#13;\n<p>Fourni avec une sonde, l&rsquo;enregistreur de temp\u00e9rature et d&rsquo;humidit\u00e9 \u00e0 deux canaux <a href=\"https:\/\/praxas.com\/es\/product\/registradores-de-datos\/temperatura-y-humedad\/el-gfx-2-2\/\"><strong>Enregistreur de temp\u00e9rature et d&rsquo;humidit\u00e9 \u00e0 deux canaux avec sonde externe<\/strong><\/a> est id\u00e9al pour les applications o\u00f9 l&rsquo;enregistreur et le capteur n&rsquo;ont pas besoin d&rsquo;\u00eatre plac\u00e9s au m\u00eame endroit, comme les environnements difficiles d&rsquo;acc\u00e8s dans les conduits de chauffage, de ventilation et de climatisation, ainsi que les vitrines de mus\u00e9e o\u00f9 l&rsquo;enregistreur lui-m\u00eame pourrait s&rsquo;av\u00e9rer inesth\u00e9tique. Des sondes accessoires sont disponibles pour ajouter un deuxi\u00e8me canal d&rsquo;enregistrement si n\u00e9cessaire.<\/p>&#13;\n&#13;\n<p>Les autres caract\u00e9ristiques du nouveau produit comprennent des plages de mesure de -30 \u00e0 +80\u00b0C (-22 \u00e0 +176\u00b0F) et de 0 \u00e0 100%HR ; le stockage de plus de 250 000 lectures par canal pour la temp\u00e9rature et l&rsquo;humidit\u00e9 ; des taux d&rsquo;enregistrement configurables entre 10 secondes et 1 heure ; un \u00e9cran LCD matriciel \u00e0 contraste \u00e9lev\u00e9 avec menu \u00e0 l&rsquo;\u00e9cran permettant \u00e0 l&rsquo;utilisateur de d\u00e9marrer, arr\u00eater et red\u00e9marrer l&rsquo;enregistreur sur le terrain et d&rsquo;acc\u00e9der aux r\u00e9sum\u00e9s des donn\u00e9es et \u00e0 l&rsquo;analyse des tendances en temps r\u00e9el, ainsi que des seuils d&rsquo;alarme programmables par l&rsquo;utilisateur avec des alarmes sonores et des alarmes LED tr\u00e8s visibles. L&rsquo;enregistreur est fourni avec deux piles au lithium, ce qui permet g\u00e9n\u00e9ralement d&rsquo;enregistrer des donn\u00e9es pendant un an.<\/p>&#13;\n&#13;\n<p>Ce dispositif est maintenant disponible aupr\u00e8s de <a href=\"https:\/\/praxas.com\/fr\/\">Praxas<\/a>.<\/p>&#13;\n","protected":false},"excerpt":{"rendered":"<p>&#13; Fourni avec une sonde, l&rsquo;enregistreur de temp\u00e9rature et d&rsquo;humidit\u00e9 \u00e0 deux canaux Enregistreur de temp\u00e9rature et d&rsquo;humidit\u00e9 \u00e0 deux canaux avec sonde externe est id\u00e9al pour les applications o\u00f9 l&rsquo;enregistreur et le capteur n&rsquo;ont pas besoin d&rsquo;\u00eatre plac\u00e9s au m\u00eame endroit, comme les environnements difficiles d&rsquo;acc\u00e8s dans les conduits de chauffage, de ventilation et [&hellip;]<\/p>\n","protected":false},"author":5,"featured_media":29499,"comment_status":"closed","ping_status":"closed","sticky":false,"template":"","format":"standard","meta":{"_acf_changed":false,"content-type":"","_uag_custom_page_level_css":"","footnotes":""},"categories":[1312],"tags":[],"class_list":["post-29498","post","type-post","status-publish","format-standard","has-post-thumbnail","hentry","category-actualites"],"acf":[],"spectra_custom_meta":{"_encloseme":["1"],"_top_nav_excluded":[""],"_cms_nav_minihome":[""],"_thumbnail_id":["29499"],"_last_translation_edit_mode":["translation-editor"],"rank_math_primary_category":["145"],"_wpml_word_count":["259"],"_wpml_media_duplicate":["1"],"_wpml_media_featured":["1"],"rank_math_analytic_object_id":["1262"],"rank_math_title":["Nouvel enregistreur de temp\u00e9rature et d'humidit\u00e9 \u00e0 deux canaux | EasyLog | EL-GFX"],"rank_math_description":["Le nouvel enregistreur de temp\u00e9rature et d'humidit\u00e9 \u00e0 double canal est id\u00e9al lorsque l'enregistreur et le capteur n'ont pas besoin d'\u00eatre install\u00e9s au m\u00eame endroit, dans des environnements difficiles d'acc\u00e8s tels que les conduits de chauffage, de ventilation et de climatisation (CVC)."],"rank_math_focus_keyword":["temp\u00e9rature et humidit\u00e9"],"_uag_css_file_name":["uag-css-29498.css"],"_uag_page_assets":["a:9:{s:3:\"css\";s:263:\".uag-blocks-common-selector{z-index:var(--z-index-desktop) !important}@media (max-width: 976px){.uag-blocks-common-selector{z-index:var(--z-index-tablet) !important}}@media (max-width: 767px){.uag-blocks-common-selector{z-index:var(--z-index-mobile) !important}}\n\";s:2:\"js\";s:0:\"\";s:18:\"current_block_list\";a:1:{i:0;s:14:\"core\/paragraph\";}s:8:\"uag_flag\";b:0;s:11:\"uag_version\";s:10:\"1777052440\";s:6:\"gfonts\";a:0:{}s:10:\"gfonts_url\";s:0:\"\";s:12:\"gfonts_files\";a:0:{}s:14:\"uag_faq_layout\";b:0;}"]},"uagb_featured_image_src":{"full":["https:\/\/praxas.com\/wp-content\/uploads\/News-New-Dual-Channel-Temp-and-Humidity-Logger-with-External-Probe.jpg",1200,630,false],"thumbnail":["https:\/\/praxas.com\/wp-content\/uploads\/News-New-Dual-Channel-Temp-and-Humidity-Logger-with-External-Probe-150x150.jpg",150,150,true],"medium":["https:\/\/praxas.com\/wp-content\/uploads\/News-New-Dual-Channel-Temp-and-Humidity-Logger-with-External-Probe-300x158.jpg",300,158,true],"medium_large":["https:\/\/praxas.com\/wp-content\/uploads\/News-New-Dual-Channel-Temp-and-Humidity-Logger-with-External-Probe-768x403.jpg",768,403,true],"large":["https:\/\/praxas.com\/wp-content\/uploads\/News-New-Dual-Channel-Temp-and-Humidity-Logger-with-External-Probe-1024x538.jpg",1024,538,true],"1536x1536":["https:\/\/praxas.com\/wp-content\/uploads\/News-New-Dual-Channel-Temp-and-Humidity-Logger-with-External-Probe.jpg",1200,630,false],"2048x2048":["https:\/\/praxas.com\/wp-content\/uploads\/News-New-Dual-Channel-Temp-and-Humidity-Logger-with-External-Probe.jpg",1200,630,false],"crunchify-admin-post-featured-image":["https:\/\/praxas.com\/wp-content\/uploads\/News-New-Dual-Channel-Temp-and-Humidity-Logger-with-External-Probe-120x63.jpg",120,63,true],"commercegurus-pdp-large":["https:\/\/praxas.com\/wp-content\/uploads\/News-New-Dual-Channel-Temp-and-Humidity-Logger-with-External-Probe-990x520.jpg",990,520,true],"commercegurus-plp-mobile":["https:\/\/praxas.com\/wp-content\/uploads\/News-New-Dual-Channel-Temp-and-Humidity-Logger-with-External-Probe-441x232.jpg",441,232,true],"cgkit_image_swatch":["https:\/\/praxas.com\/wp-content\/uploads\/News-New-Dual-Channel-Temp-and-Humidity-Logger-with-External-Probe-100x100.jpg",100,100,true],"woocommerce_thumbnail":["https:\/\/praxas.com\/wp-content\/uploads\/News-New-Dual-Channel-Temp-and-Humidity-Logger-with-External-Probe-300x158.jpg",300,158,true],"woocommerce_single":["https:\/\/praxas.com\/wp-content\/uploads\/News-New-Dual-Channel-Temp-and-Humidity-Logger-with-External-Probe-800x420.jpg",800,420,true],"woocommerce_gallery_thumbnail":["https:\/\/praxas.com\/wp-content\/uploads\/News-New-Dual-Channel-Temp-and-Humidity-Logger-with-External-Probe-150x79.jpg",150,79,true]},"uagb_author_info":{"display_name":"Ellen Potter","author_link":"https:\/\/praxas.com\/fr\/author\/ellen\/"},"uagb_comment_info":0,"uagb_excerpt":"&#13; Fourni avec une sonde, l&rsquo;enregistreur de temp\u00e9rature et d&rsquo;humidit\u00e9 \u00e0 deux canaux Enregistreur de temp\u00e9rature et d&rsquo;humidit\u00e9 \u00e0 deux canaux avec sonde externe est id\u00e9al pour les applications o\u00f9 l&rsquo;enregistreur et le capteur n&rsquo;ont pas besoin d&rsquo;\u00eatre plac\u00e9s au m\u00eame endroit, comme les environnements difficiles d&rsquo;acc\u00e8s dans les conduits de chauffage, de ventilation et\u2026","_links":{"self":[{"href":"https:\/\/praxas.com\/fr\/wp-json\/wp\/v2\/posts\/29498","targetHints":{"allow":["GET"]}}],"collection":[{"href":"https:\/\/praxas.com\/fr\/wp-json\/wp\/v2\/posts"}],"about":[{"href":"https:\/\/praxas.com\/fr\/wp-json\/wp\/v2\/types\/post"}],"author":[{"embeddable":true,"href":"https:\/\/praxas.com\/fr\/wp-json\/wp\/v2\/users\/5"}],"replies":[{"embeddable":true,"href":"https:\/\/praxas.com\/fr\/wp-json\/wp\/v2\/comments?post=29498"}],"version-history":[{"count":4,"href":"https:\/\/praxas.com\/fr\/wp-json\/wp\/v2\/posts\/29498\/revisions"}],"predecessor-version":[{"id":51620,"href":"https:\/\/praxas.com\/fr\/wp-json\/wp\/v2\/posts\/29498\/revisions\/51620"}],"wp:featuredmedia":[{"embeddable":true,"href":"https:\/\/praxas.com\/fr\/wp-json\/wp\/v2\/media\/29499"}],"wp:attachment":[{"href":"https:\/\/praxas.com\/fr\/wp-json\/wp\/v2\/media?parent=29498"}],"wp:term":[{"taxonomy":"category","embeddable":true,"href":"https:\/\/praxas.com\/fr\/wp-json\/wp\/v2\/categories?post=29498"},{"taxonomy":"post_tag","embeddable":true,"href":"https:\/\/praxas.com\/fr\/wp-json\/wp\/v2\/tags?post=29498"}],"curies":[{"name":"wp","href":"https:\/\/api.w.org\/{rel}","templated":true}]}}