{"id":29562,"date":"2023-06-09T09:54:00","date_gmt":"2023-06-09T07:54:00","guid":{"rendered":"https:\/\/staging.praxas.com\/surveillance-de-la-qualite-de-lair-interieur-dans-les-zones-touchees-par-les-incendies-de-foret\/"},"modified":"2025-11-03T16:14:24","modified_gmt":"2025-11-03T15:14:24","slug":"surveillance-de-la-qualite-de-lair-interieur-dans-les-zones-touchees-par-les-incendies-de-foret","status":"publish","type":"post","link":"https:\/\/praxas.com\/fr\/surveillance-de-la-qualite-de-lair-interieur-dans-les-zones-touchees-par-les-incendies-de-foret\/","title":{"rendered":"Surveillance de la qualit\u00e9 de l&rsquo;air int\u00e9rieur dans les zones touch\u00e9es par les incendies de for\u00eat"},"content":{"rendered":"\n<p>Dans les r\u00e9gions touch\u00e9es par les incendies de for\u00eat, la <strong><a href=\"https:\/\/www.bbc.co.uk\/news\/av\/world-us-canada-65846725\" target=\"_blank\" rel=\"noopener\">d\u00e9gradation de la qualit\u00e9 de l&rsquo;air ext\u00e9rieur<\/a><\/strong> n\u00e9cessite une attention accrue aux environnements int\u00e9rieurs, en particulier lors d&rsquo;\u00e9v\u00e9nements et de conf\u00e9rences. La surveillance de la qualit\u00e9 de l&rsquo;air int\u00e9rieur dans les zones touch\u00e9es par les incendies de for\u00eat devient primordiale pour prot\u00e9ger le bien-\u00eatre des participants. Dans cet article, nous soulignons l&rsquo;importance de la surveillance de la qualit\u00e9 de l&rsquo;air int\u00e9rieur dans les zones touch\u00e9es par les incendies de for\u00eat et nous pr\u00e9sentons une solution de pointe, le syst\u00e8me <a href=\"https:\/\/praxas.com\/fr\/product\/data-loggers-fr\/qualite-de-lair\/el-wem\/\" data-type=\"link\" data-id=\"https:\/\/praxas.com\/product\/data-loggers\/air-quality\/easylog-el-wem\/\"><strong>EL-WEM<\/strong><\/a> et <a href=\"https:\/\/praxas.com\/fr\/product\/data-loggers-fr\/qualite-de-lair\/el-wem-2\/\" data-type=\"link\" data-id=\"https:\/\/praxas.com\/product\/data-loggers\/air-quality\/easylog-el-wemplus\/\"><strong>EL-WEM+<\/strong><\/a> qui contr\u00f4lent efficacement les niveaux de COV, de particules et de<sub>CO2<\/sub>, garantissant ainsi un environnement int\u00e9rieur sain pour les participants aux \u00e9v\u00e9nements.<\/p>\n\n<h3 class=\"wp-block-heading has-text-color has-link-color wp-elements-25a7763b87244e890368832a291ea360\" style=\"color:#075e8d\"><strong>L&rsquo;impact de la diminution de la qualit\u00e9 de l&rsquo;air ext\u00e9rieur<\/strong><\/h3>\n\n<p>Les incendies de for\u00eat \u00e9mettent des polluants dangereux, notamment des compos\u00e9s organiques volatils (COV), des particules fines (PM2,5) et du dioxyde de carbone (<sub>CO2<\/sub>). Ces polluants peuvent s&rsquo;infiltrer dans les espaces int\u00e9rieurs pendant les p\u00e9riodes o\u00f9 la qualit\u00e9 de l&rsquo;air ext\u00e9rieur est compromise. L&rsquo;inhalation de ces contaminants pr\u00e9sente des risques pour la sant\u00e9, tels que des probl\u00e8mes respiratoires, une irritation des yeux, des maux de t\u00eate et l&rsquo;aggravation de maladies pr\u00e9existantes. Par cons\u00e9quent, il convient de donner la priorit\u00e9 \u00e0 la surveillance de la qualit\u00e9 de l&rsquo;air int\u00e9rieur. <strong><a href=\"https:\/\/praxas.com\/fr\/categorie-produit\/data-loggers-fr\/qualite-de-lair\/\" data-type=\"link\" data-id=\"https:\/\/praxas.com\/product-category\/data-loggers\/air-quality\/\">surveillance de la qualit\u00e9 de l&rsquo;air int\u00e9rieur<\/a><\/strong> pendant les \u00e9v\u00e9nements.<\/p>\n\n<p>R\u00e9ponses adaptatives : La surveillance en temps r\u00e9el de la qualit\u00e9 de l&rsquo;air int\u00e9rieur permet de r\u00e9agir imm\u00e9diatement aux variations des niveaux de polluants. Avec les appareils EL-WEM et EL-WEM+, les syst\u00e8mes de filtration de l&rsquo;air et la ventilation peuvent \u00eatre ajust\u00e9s rapidement pour maintenir des normes de qualit\u00e9 de l&rsquo;air optimales. Les participants peuvent \u00e9galement \u00eatre inform\u00e9s des conditions de qualit\u00e9 de l&rsquo;air, ce qui leur permet de prendre les pr\u00e9cautions n\u00e9cessaires et de garantir la transparence.<\/p>\n\n<figure class=\"wp-block-image alignleft\"><img loading=\"lazy\" decoding=\"async\" width=\"300\" height=\"173\" src=\"https:\/\/praxas.com\/wp-content\/uploads\/News-el-wem-tech-image-300x173.jpg\" alt=\"moniteur de qualit&#xE9; de l'air, surveillance de la qualit&#xE9; de l'air int&#xE9;rieur dans les zones touch&#xE9;es par les incendies de for&#xEA;t\" class=\"wp-image-11431\" srcset=\"https:\/\/praxas.com\/wp-content\/uploads\/News-el-wem-tech-image-300x173.jpg 300w, https:\/\/praxas.com\/wp-content\/uploads\/News-el-wem-tech-image-120x69.jpg 120w, https:\/\/praxas.com\/wp-content\/uploads\/News-el-wem-tech-image-441x255.jpg 441w, https:\/\/praxas.com\/wp-content\/uploads\/News-el-wem-tech-image-150x87.jpg 150w, https:\/\/praxas.com\/wp-content\/uploads\/News-el-wem-tech-image.jpg 594w\" sizes=\"auto, (max-width: 300px) 100vw, 300px\" \/><\/figure>\n\n<h3 class=\"wp-block-heading has-text-color has-link-color wp-elements-8fdf1dbae7ca49c8ca271fa230a97e79\" style=\"color:#075e8d\"><strong>Pr\u00e9sentation des solutions EL-WEM et EL-WEM<\/strong><\/h3>\n\n<p>Les appareils EL-WEM et EL-WEM+ sont des solutions de pointe con\u00e7ues pour contr\u00f4ler la qualit\u00e9 de l&rsquo;air int\u00e9rieur et fournir des donn\u00e9es compl\u00e8tes sur les niveaux de COV, de particules et de<sub>CO2<\/sub>. Ces dispositifs offrent les avantages suivants :<\/p>\n\n<div style=\"height:10px\" aria-hidden=\"true\" class=\"wp-block-spacer\"><\/div>\n\n<p><strong>Surveillance pr\u00e9cise :<\/strong> Les appareils EL-WEM et EL-WEM+ utilisent des capteurs avanc\u00e9s pour mesurer avec pr\u00e9cision les concentrations de COV, de particules et de<sub>CO2<\/sub> en temps r\u00e9el. Ces donn\u00e9es pr\u00e9cises permettent de prendre des d\u00e9cisions efficaces en mati\u00e8re de gestion de la qualit\u00e9 de l&rsquo;air int\u00e9rieur.<\/p>\n\n<p><strong>Connectivit\u00e9 sans fil :<\/strong> Les deux appareils offrent une connectivit\u00e9 sans fil, ce qui permet une int\u00e9gration transparente avec les syst\u00e8mes de surveillance existants. Les donn\u00e9es collect\u00e9es par les appareils EL-WEM et EL-WEM+ peuvent \u00eatre facilement consult\u00e9es et analys\u00e9es, ce qui facilite la gestion proactive de la qualit\u00e9 de l&rsquo;air.<\/p>\n\n<p><strong>M\u00e9canismes d&rsquo;alerte :<\/strong> Les dispositifs EL-WEM et EL-WEM+ sont dot\u00e9s de m\u00e9canismes d&rsquo;alerte personnalisables qui avertissent les organisateurs d&rsquo;\u00e9v\u00e9nements et le personnel lorsque les niveaux de polluants d\u00e9passent des seuils pr\u00e9d\u00e9termin\u00e9s. Ces alertes en temps utile permettent de prendre des mesures rapides pour maintenir des conditions optimales de qualit\u00e9 de l&rsquo;air int\u00e9rieur.<\/p>\n\n<p><strong>Analyse des donn\u00e9es historiques :<\/strong> Les appareils stockent des donn\u00e9es historiques, ce qui permet une analyse compl\u00e8te des tendances de la qualit\u00e9 de l&rsquo;air au fil du temps. Cette analyse permet d&rsquo;identifier des mod\u00e8les et des domaines potentiels d&rsquo;am\u00e9lioration des strat\u00e9gies de gestion de la qualit\u00e9 de l&rsquo;air int\u00e9rieur.<\/p>\n\n<figure class=\"wp-block-image alignright\"><img loading=\"lazy\" decoding=\"async\" width=\"300\" height=\"209\" src=\"https:\/\/praxas.com\/wp-content\/uploads\/News-el-wem-image-300x209.jpg\" alt=\"femmes avec moniteur de qualit&#xE9; de l'air\" class=\"wp-image-11430\" srcset=\"https:\/\/praxas.com\/wp-content\/uploads\/News-el-wem-image-300x209.jpg 300w, https:\/\/praxas.com\/wp-content\/uploads\/News-el-wem-image-768x534.jpg 768w, https:\/\/praxas.com\/wp-content\/uploads\/News-el-wem-image-120x83.jpg 120w, https:\/\/praxas.com\/wp-content\/uploads\/News-el-wem-image-990x688.jpg 990w, https:\/\/praxas.com\/wp-content\/uploads\/News-el-wem-image-441x306.jpg 441w, https:\/\/praxas.com\/wp-content\/uploads\/News-el-wem-image-800x556.jpg 800w, https:\/\/praxas.com\/wp-content\/uploads\/News-el-wem-image-150x104.jpg 150w, https:\/\/praxas.com\/wp-content\/uploads\/News-el-wem-image.jpg 1000w\" sizes=\"auto, (max-width: 300px) 100vw, 300px\" \/><\/figure>\n\n<p>La surveillance de la qualit\u00e9 de l&rsquo;air int\u00e9rieur est d&rsquo;une importance capitale lors d&rsquo;\u00e9v\u00e9nements organis\u00e9s dans des zones touch\u00e9es par des incendies de for\u00eat et o\u00f9 la qualit\u00e9 de l&rsquo;air ext\u00e9rieur est compromise. Le <strong><a href=\"https:\/\/praxas.com\/fr\/product\/data-loggers-fr\/qualite-de-lair\/el-wem\/\" data-type=\"link\" data-id=\"https:\/\/praxas.com\/product\/data-loggers\/air-quality\/easylog-el-wem\/\">EL-WEM<\/a><\/strong> et <strong><a href=\"https:\/\/praxas.com\/fr\/product\/data-loggers-fr\/qualite-de-lair\/el-wem-2\/\" data-type=\"link\" data-id=\"https:\/\/praxas.com\/product\/data-loggers\/air-quality\/easylog-el-wemplus\/\">EL-WEM+<\/a><\/strong> disponibles chez Praxas, offrent une solution innovante pour contr\u00f4ler efficacement les niveaux de COV, de particules et de<sub>CO2<\/sub>, garantissant ainsi un environnement int\u00e9rieur sain et s\u00fbr pour les participants aux \u00e9v\u00e9nements. En associant ces dispositifs \u00e0 une filtration de l&rsquo;air ad\u00e9quate, \u00e0 des syst\u00e8mes de ventilation et \u00e0 une surveillance en temps r\u00e9el, les organisateurs d&rsquo;\u00e9v\u00e9nements peuvent g\u00e9rer de mani\u00e8re proactive la qualit\u00e9 de l&rsquo;air int\u00e9rieur et minimiser les risques potentiels pour la sant\u00e9 associ\u00e9s aux polluants li\u00e9s aux incendies de for\u00eat. Donner la priorit\u00e9 au bien-\u00eatre des participants par une gestion compl\u00e8te de la qualit\u00e9 de l&rsquo;air reste primordial pour assurer la r\u00e9ussite et la s\u00e9curit\u00e9 des \u00e9v\u00e9nements.<\/p>\n","protected":false},"excerpt":{"rendered":"<p>Dans les r\u00e9gions touch\u00e9es par les incendies de for\u00eat, la d\u00e9gradation de la qualit\u00e9 de l&rsquo;air ext\u00e9rieur n\u00e9cessite une attention accrue aux environnements int\u00e9rieurs, en particulier lors d&rsquo;\u00e9v\u00e9nements et de conf\u00e9rences. La surveillance de la qualit\u00e9 de l&rsquo;air int\u00e9rieur dans les zones touch\u00e9es par les incendies de for\u00eat devient primordiale pour prot\u00e9ger le bien-\u00eatre des [&hellip;]<\/p>\n","protected":false},"author":4,"featured_media":29565,"comment_status":"closed","ping_status":"closed","sticky":false,"template":"","format":"standard","meta":{"_acf_changed":false,"content-type":"","_uag_custom_page_level_css":"","footnotes":""},"categories":[1312],"tags":[],"class_list":["post-29562","post","type-post","status-publish","format-standard","has-post-thumbnail","hentry","category-actualites"],"acf":[],"spectra_custom_meta":{"_encloseme":["1"],"_top_nav_excluded":[""],"_cms_nav_minihome":[""],"_thumbnail_id":["29565"],"_last_translation_edit_mode":["translation-editor"],"rank_math_primary_category":["145","145"],"_wpml_word_count":["825"],"rank_math_title":["  Qualit\u00e9 de l'air en cas d'incendie"],"rank_math_description":["La surveillance de la qualit\u00e9 de l'air int\u00e9rieur dans les zones touch\u00e9es par les incendies de for\u00eat est essentielle pour pr\u00e9server le bien-\u00eatre des personnes pendant les \u00e9v\u00e9nements, en raison d'une baisse r\u00e9cente de la qualit\u00e9 de l'air."],"rank_math_focus_keyword":["Qualit\u00e9 de l'air int\u00e9rieur dans les zones touch\u00e9es par les incendies de for\u00eat"],"_uag_css_file_name":["uag-css-29562.css"],"_uag_page_assets":["a:9:{s:3:\"css\";s:263:\".uag-blocks-common-selector{z-index:var(--z-index-desktop) !important}@media (max-width: 976px){.uag-blocks-common-selector{z-index:var(--z-index-tablet) !important}}@media (max-width: 767px){.uag-blocks-common-selector{z-index:var(--z-index-mobile) !important}}\n\";s:2:\"js\";s:0:\"\";s:18:\"current_block_list\";a:4:{i:0;s:14:\"core\/paragraph\";i:1;s:12:\"core\/heading\";i:2;s:10:\"core\/image\";i:3;s:11:\"core\/spacer\";}s:8:\"uag_flag\";b:0;s:11:\"uag_version\";s:10:\"1777020109\";s:6:\"gfonts\";a:0:{}s:10:\"gfonts_url\";s:0:\"\";s:12:\"gfonts_files\";a:0:{}s:14:\"uag_faq_layout\";b:0;}"]},"uagb_featured_image_src":{"full":["https:\/\/praxas.com\/wp-content\/uploads\/EL-WEM-Main.jpg",1200,630,false],"thumbnail":["https:\/\/praxas.com\/wp-content\/uploads\/EL-WEM-Main-150x150.jpg",150,150,true],"medium":["https:\/\/praxas.com\/wp-content\/uploads\/EL-WEM-Main-300x158.jpg",300,158,true],"medium_large":["https:\/\/praxas.com\/wp-content\/uploads\/EL-WEM-Main-768x403.jpg",768,403,true],"large":["https:\/\/praxas.com\/wp-content\/uploads\/EL-WEM-Main-1024x538.jpg",1024,538,true],"1536x1536":["https:\/\/praxas.com\/wp-content\/uploads\/EL-WEM-Main.jpg",1200,630,false],"2048x2048":["https:\/\/praxas.com\/wp-content\/uploads\/EL-WEM-Main.jpg",1200,630,false],"crunchify-admin-post-featured-image":["https:\/\/praxas.com\/wp-content\/uploads\/EL-WEM-Main-120x63.jpg",120,63,true],"commercegurus-pdp-large":["https:\/\/praxas.com\/wp-content\/uploads\/EL-WEM-Main-990x520.jpg",990,520,true],"commercegurus-plp-mobile":["https:\/\/praxas.com\/wp-content\/uploads\/EL-WEM-Main-441x232.jpg",441,232,true],"cgkit_image_swatch":["https:\/\/praxas.com\/wp-content\/uploads\/EL-WEM-Main-100x100.jpg",100,100,true],"woocommerce_thumbnail":["https:\/\/praxas.com\/wp-content\/uploads\/EL-WEM-Main-300x158.jpg",300,158,true],"woocommerce_single":["https:\/\/praxas.com\/wp-content\/uploads\/EL-WEM-Main-800x420.jpg",800,420,true],"woocommerce_gallery_thumbnail":["https:\/\/praxas.com\/wp-content\/uploads\/EL-WEM-Main-150x79.jpg",150,79,true]},"uagb_author_info":{"display_name":"Beth Foord","author_link":"https:\/\/praxas.com\/fr\/author\/beth\/"},"uagb_comment_info":0,"uagb_excerpt":"Dans les r\u00e9gions touch\u00e9es par les incendies de for\u00eat, la d\u00e9gradation de la qualit\u00e9 de l&rsquo;air ext\u00e9rieur n\u00e9cessite une attention accrue aux environnements int\u00e9rieurs, en particulier lors d&rsquo;\u00e9v\u00e9nements et de conf\u00e9rences. La surveillance de la qualit\u00e9 de l&rsquo;air int\u00e9rieur dans les zones touch\u00e9es par les incendies de for\u00eat devient primordiale pour prot\u00e9ger le bien-\u00eatre des\u2026","_links":{"self":[{"href":"https:\/\/praxas.com\/fr\/wp-json\/wp\/v2\/posts\/29562","targetHints":{"allow":["GET"]}}],"collection":[{"href":"https:\/\/praxas.com\/fr\/wp-json\/wp\/v2\/posts"}],"about":[{"href":"https:\/\/praxas.com\/fr\/wp-json\/wp\/v2\/types\/post"}],"author":[{"embeddable":true,"href":"https:\/\/praxas.com\/fr\/wp-json\/wp\/v2\/users\/4"}],"replies":[{"embeddable":true,"href":"https:\/\/praxas.com\/fr\/wp-json\/wp\/v2\/comments?post=29562"}],"version-history":[{"count":5,"href":"https:\/\/praxas.com\/fr\/wp-json\/wp\/v2\/posts\/29562\/revisions"}],"predecessor-version":[{"id":53261,"href":"https:\/\/praxas.com\/fr\/wp-json\/wp\/v2\/posts\/29562\/revisions\/53261"}],"wp:featuredmedia":[{"embeddable":true,"href":"https:\/\/praxas.com\/fr\/wp-json\/wp\/v2\/media\/29565"}],"wp:attachment":[{"href":"https:\/\/praxas.com\/fr\/wp-json\/wp\/v2\/media?parent=29562"}],"wp:term":[{"taxonomy":"category","embeddable":true,"href":"https:\/\/praxas.com\/fr\/wp-json\/wp\/v2\/categories?post=29562"},{"taxonomy":"post_tag","embeddable":true,"href":"https:\/\/praxas.com\/fr\/wp-json\/wp\/v2\/tags?post=29562"}],"curies":[{"name":"wp","href":"https:\/\/api.w.org\/{rel}","templated":true}]}}