{"id":44943,"date":"2025-02-07T11:06:18","date_gmt":"2025-02-07T11:06:18","guid":{"rendered":"https:\/\/praxas.com\/refrigerateurs-medicaux-a-porte-pleine-ou-a-porte-vitree-choisir-la-meilleure-option-pour-vos-besoins\/"},"modified":"2025-06-20T10:45:04","modified_gmt":"2025-06-20T10:45:04","slug":"refrigerateurs-medicaux-a-porte-pleine-ou-a-porte-vitree-choisir-la-meilleure-option-pour-vos-besoins","status":"publish","type":"post","link":"https:\/\/praxas.com\/fr\/refrigerateurs-medicaux-a-porte-pleine-ou-a-porte-vitree-choisir-la-meilleure-option-pour-vos-besoins\/","title":{"rendered":"R\u00e9frig\u00e9rateurs m\u00e9dicaux \u00e0 porte pleine ou \u00e0 porte vitr\u00e9e : Choisir la meilleure option pour vos besoins"},"content":{"rendered":"\n<p>Le choix du bon r\u00e9frig\u00e9rateur ou cong\u00e9lateur m\u00e9dical joue un r\u00f4le essentiel dans le maintien de la s\u00e9curit\u00e9 des fournitures m\u00e9dicales sensibles \u00e0 la temp\u00e9rature.<\/p>\n\n<p>Avec autant d&rsquo;options disponibles, il peut \u00eatre difficile de savoir lequel est le mieux adapt\u00e9 \u00e0 vos besoins. Dans ce guide, nous analysons les facteurs cl\u00e9s \u00e0 prendre en compte et comparons les avantages et les inconv\u00e9nients des r\u00e9frig\u00e9rateurs m\u00e9dicaux \u00e0 porte pleine et \u00e0 porte vitr\u00e9e de la gamme Flexaline <a href=\"https:\/\/arctiko.com\" data-type=\"link\" data-id=\"https:\/\/arctiko.com\" target=\"_blank\" rel=\"noopener\">d&rsquo;Arctiko,<\/a> afin de vous aider \u00e0 faire le bon choix. <\/p>\n\n<div style=\"height:20px\" aria-hidden=\"true\" class=\"wp-block-spacer\"><\/div>\n\n<div class=\"wp-block-group alignfull has-global-padding is-layout-constrained wp-container-core-group-is-layout-a4c69c57 wp-block-group-is-layout-constrained\">\n<figure class=\"wp-block-image aligncenter size-large has-custom-border\"><img loading=\"lazy\" decoding=\"async\" width=\"1024\" height=\"576\" src=\"https:\/\/praxas.com\/wp-content\/uploads\/Pharmacy-Set-Up-1024x576.png\" alt=\"Situation de la pharmacie - r&#xE9;frig&#xE9;rateur m&#xE9;dical - Verre ou solide\" class=\"wp-image-44909\" style=\"border-radius:30px\" srcset=\"https:\/\/praxas.com\/wp-content\/uploads\/Pharmacy-Set-Up-1024x576.png 1024w, https:\/\/praxas.com\/wp-content\/uploads\/Pharmacy-Set-Up-300x169.png 300w, https:\/\/praxas.com\/wp-content\/uploads\/Pharmacy-Set-Up-768x432.png 768w, https:\/\/praxas.com\/wp-content\/uploads\/Pharmacy-Set-Up-1536x864.png 1536w, https:\/\/praxas.com\/wp-content\/uploads\/Pharmacy-Set-Up-2048x1152.png 2048w, https:\/\/praxas.com\/wp-content\/uploads\/Pharmacy-Set-Up-120x67.png 120w, https:\/\/praxas.com\/wp-content\/uploads\/Pharmacy-Set-Up-990x557.png 990w, https:\/\/praxas.com\/wp-content\/uploads\/Pharmacy-Set-Up-441x248.png 441w, https:\/\/praxas.com\/wp-content\/uploads\/Pharmacy-Set-Up-350x197.png 350w, https:\/\/praxas.com\/wp-content\/uploads\/Pharmacy-Set-Up-800x450.png 800w, https:\/\/praxas.com\/wp-content\/uploads\/Pharmacy-Set-Up-150x84.png 150w\" sizes=\"auto, (max-width: 1024px) 100vw, 1024px\" \/><\/figure>\n<\/div>\n\n<div style=\"height:20px\" aria-hidden=\"true\" class=\"wp-block-spacer\"><\/div>\n\n<div class=\"wp-block-group alignfull has-global-padding is-layout-constrained wp-container-core-group-is-layout-a4c69c57 wp-block-group-is-layout-constrained\">\n<h2 class=\"wp-block-heading has-text-align-left has-text-color has-link-color wp-elements-46ba4b568c6a166f675536b35fa580e8\" style=\"color:#205d8f\">R\u00e9frig\u00e9rateurs \u00e0 porte en verre<\/h2>\n\n\n\n<div class=\"wp-block-columns is-layout-flex wp-container-core-columns-is-layout-28f84493 wp-block-columns-is-layout-flex\">\n<div class=\"wp-block-column is-layout-flow wp-block-column-is-layout-flow\" style=\"padding-top:0;padding-right:0;padding-bottom:0;padding-left:0\">\n<h3 class=\"wp-block-heading has-text-color has-link-color wp-elements-6918ef25bce06925f1d25e5cda8a5716\" style=\"color:#009ee0\">Avantages des portes en verre<\/h3>\n\n\n\n<p>Les r\u00e9frig\u00e9rateurs m\u00e9dicaux \u00e0 porte vitr\u00e9e offrent commodit\u00e9 et efficacit\u00e9, ce qui en fait un excellent choix pour les \u00e9tablissements de sant\u00e9 tr\u00e8s fr\u00e9quent\u00e9s. Le personnel peut localiser rapidement les vaccins et les m\u00e9dicaments sans ouvrir la porte, ce qui r\u00e9duit les fluctuations de temp\u00e9rature inutiles et contribue \u00e0 maintenir un environnement interne stable. Moins d&rsquo;ouvertures de porte signifie une meilleure stabilit\u00e9 thermique, ce qui r\u00e9duit le risque d&rsquo;alt\u00e9ration des fournitures.   Cela est particuli\u00e8rement utile dans les environnements o\u00f9 le temps et l&rsquo;efficacit\u00e9 sont cruciaux.<\/p>\n\n\n\n<p>Au-del\u00e0 de leurs avantages pratiques, les r\u00e9frig\u00e9rateurs \u00e0 porte vitr\u00e9e rehaussent \u00e9galement l&rsquo;aspect d&rsquo;un espace de travail, offrant une esth\u00e9tique propre et moderne qui s&rsquo;int\u00e8gre parfaitement dans les environnements m\u00e9dicaux.<\/p>\n<\/div>\n<\/div>\n\n\n\n<div class=\"wp-block-columns is-layout-flex wp-container-core-columns-is-layout-28f84493 wp-block-columns-is-layout-flex\">\n<div class=\"wp-block-column is-layout-flow wp-block-column-is-layout-flow\" style=\"padding-top:0;padding-right:0;padding-bottom:0;padding-left:0\">\n<h3 class=\"wp-block-heading has-text-color has-link-color wp-elements-b47436bf903cd27ab7e3daa6c7afa189\" style=\"color:#009ee0\">Inconv\u00e9nients des portes en verre<\/h3>\n\n\n\n<p>Si les r\u00e9frig\u00e9rateurs m\u00e9dicaux \u00e0 porte vitr\u00e9e sont pratiques, ils ne conviennent pas forc\u00e9ment \u00e0 tous les environnements. La visibilit\u00e9 totale peut poser des probl\u00e8mes de confidentialit\u00e9 et permettre \u00e0 des personnes non autoris\u00e9es de voir et d&rsquo;acc\u00e9der plus facilement aux articles stock\u00e9s, ce qui peut augmenter le risque de vol. <\/p>\n\n\n\n<p>Bien que les portes en verre soient con\u00e7ues avec des technologies d&rsquo;isolation telles que le double vitrage et les rev\u00eatements \u00e0 faible \u00e9missivit\u00e9, elles offrent une isolation l\u00e9g\u00e8rement inf\u00e9rieure \u00e0 celle des portes pleines, ce qui peut avoir une incidence sur la stabilit\u00e9 de la temp\u00e9rature. En outre, les portes en verre ne sont pas id\u00e9ales pour stocker des m\u00e9dicaments sensibles \u00e0 la lumi\u00e8re, car une exposition prolong\u00e9e peut entra\u00eener une d\u00e9t\u00e9rioration et un gaspillage. <\/p>\n<\/div>\n<\/div>\n<\/div>\n\n<div style=\"height:20px\" aria-hidden=\"true\" class=\"wp-block-spacer\"><\/div>\n\n<div class=\"wp-block-buttons is-content-justification-center is-layout-flex wp-container-core-buttons-is-layout-a89b3969 wp-block-buttons-is-layout-flex\">\n<div class=\"wp-block-button\"><a class=\"wp-block-button__link has-background wp-element-button\" href=\"https:\/\/praxas.com\/fr\/balises-du-produit\/gamme-pre\/\" style=\"border-radius:6px;background-color:#009ee0\"><strong>D\u00e9couvrez les r\u00e9frig\u00e9rateurs \u00e0 porte en verre<\/strong><\/a><\/div>\n<\/div>\n\n<div style=\"height:30px\" aria-hidden=\"true\" class=\"wp-block-spacer\"><\/div>\n\n<div class=\"wp-block-group alignfull has-global-padding is-layout-constrained wp-container-core-group-is-layout-a4c69c57 wp-block-group-is-layout-constrained\">\n<figure class=\"wp-block-image aligncenter size-large has-custom-border\"><img loading=\"lazy\" decoding=\"async\" width=\"1024\" height=\"576\" src=\"https:\/\/praxas.com\/wp-content\/uploads\/Pharmacy-Shelves-1024x576.png\" alt=\"Etag&#xE8;res de pharmacie - r&#xE9;frig&#xE9;rateur m&#xE9;dical - verre ou solide\" class=\"wp-image-44922\" style=\"border-radius:30px\" srcset=\"https:\/\/praxas.com\/wp-content\/uploads\/Pharmacy-Shelves-1024x576.png 1024w, https:\/\/praxas.com\/wp-content\/uploads\/Pharmacy-Shelves-300x169.png 300w, https:\/\/praxas.com\/wp-content\/uploads\/Pharmacy-Shelves-768x432.png 768w, https:\/\/praxas.com\/wp-content\/uploads\/Pharmacy-Shelves-1536x864.png 1536w, https:\/\/praxas.com\/wp-content\/uploads\/Pharmacy-Shelves-2048x1152.png 2048w, https:\/\/praxas.com\/wp-content\/uploads\/Pharmacy-Shelves-120x67.png 120w, https:\/\/praxas.com\/wp-content\/uploads\/Pharmacy-Shelves-990x557.png 990w, https:\/\/praxas.com\/wp-content\/uploads\/Pharmacy-Shelves-441x248.png 441w, https:\/\/praxas.com\/wp-content\/uploads\/Pharmacy-Shelves-350x197.png 350w, https:\/\/praxas.com\/wp-content\/uploads\/Pharmacy-Shelves-800x450.png 800w, https:\/\/praxas.com\/wp-content\/uploads\/Pharmacy-Shelves-150x84.png 150w\" sizes=\"auto, (max-width: 1024px) 100vw, 1024px\" \/><\/figure>\n<\/div>\n\n<div style=\"height:30px\" aria-hidden=\"true\" class=\"wp-block-spacer\"><\/div>\n\n<div class=\"wp-block-group alignfull has-global-padding is-layout-constrained wp-container-core-group-is-layout-a4c69c57 wp-block-group-is-layout-constrained\">\n<h2 class=\"wp-block-heading has-text-align-left has-text-color has-link-color wp-elements-f33a916956b1c91bfe3caad68cd6d02a\" style=\"color:#205d8f\">R\u00e9frig\u00e9rateurs \u00e0 porte pleine<\/h2>\n\n\n\n<div class=\"wp-block-columns is-layout-flex wp-container-core-columns-is-layout-28f84493 wp-block-columns-is-layout-flex\">\n<div class=\"wp-block-column is-layout-flow wp-block-column-is-layout-flow\" style=\"padding-top:0;padding-right:0;padding-bottom:0;padding-left:0\">\n<h3 class=\"wp-block-heading has-text-color has-link-color wp-elements-bfcf1c1e3b90124e0a9d442ae0995559\" style=\"color:#009ee0\">Avantages des portes massives<\/h3>\n\n\n\n<p>Les r\u00e9frig\u00e9rateurs m\u00e9dicaux \u00e0 porte pleine offrent une isolation thermique sup\u00e9rieure, garantissant un contr\u00f4le constant de la temp\u00e9rature. Ils sont \u00e9galement id\u00e9aux pour le stockage de produits sensibles \u00e0 la lumi\u00e8re, car la porte ne pr\u00e9sente aucun risque d&rsquo;exposition \u00e0 la lumi\u00e8re, ce qui garantit la s\u00e9curit\u00e9 de vos produits.  Ils sont donc particuli\u00e8rement adapt\u00e9s au stockage d&rsquo;\u00e9chantillons de laboratoire sensibles ou de m\u00e9dicaments tr\u00e8s susceptibles de se d\u00e9grader lorsqu&rsquo;ils sont expos\u00e9s \u00e0 la lumi\u00e8re.<\/p>\n\n\n\n<p>En outre, la porte pleine contribue \u00e0 pr\u00e9server l&rsquo;intimit\u00e9 en dissimulant le contenu du r\u00e9frig\u00e9rateur, ce qui r\u00e9duit le risque d&rsquo;acc\u00e8s non autoris\u00e9. Ces appareils \u00e9liminent \u00e9galement le probl\u00e8me de la condensation, qui peut parfois se former sur les portes en verre et obscurcir la vue \u00e0 l&rsquo;int\u00e9rieur. <\/p>\n<\/div>\n<\/div>\n\n\n\n<div class=\"wp-block-columns is-layout-flex wp-container-core-columns-is-layout-28f84493 wp-block-columns-is-layout-flex\">\n<div class=\"wp-block-column is-layout-flow wp-block-column-is-layout-flow\" style=\"padding-top:0;padding-right:0;padding-bottom:0;padding-left:0\">\n<h3 class=\"wp-block-heading has-text-color has-link-color wp-elements-f0d02b2f186408f88aa7e2d2d727409b\" style=\"color:#009ee0\">Inconv\u00e9nients des portes massives<\/h3>\n\n\n\n<p>L&rsquo;un des inconv\u00e9nients des r\u00e9frig\u00e9rateurs \u00e0 porte pleine est le manque de visibilit\u00e9 sans ouverture de la porte. L&rsquo;ouverture fr\u00e9quente ou prolong\u00e9e de la porte peut perturber la temp\u00e9rature interne, ce qui peut compromettre la qualit\u00e9 des produits stock\u00e9s, tels que les vaccins, et entra\u00eener leur d\u00e9t\u00e9rioration ou leur alt\u00e9ration. <\/p>\n<\/div>\n<\/div>\n<\/div>\n\n<div style=\"height:20px\" aria-hidden=\"true\" class=\"wp-block-spacer\"><\/div>\n\n<div class=\"wp-block-buttons is-content-justification-center is-layout-flex wp-container-core-buttons-is-layout-a89b3969 wp-block-buttons-is-layout-flex\">\n<div class=\"wp-block-button\"><a class=\"wp-block-button__link has-background wp-element-button\" href=\"https:\/\/praxas.com\/fr\/balises-du-produit\/gamme-lre\/\" style=\"border-radius:6px;background-color:#009ee0\"><strong>D\u00e9couvrez les r\u00e9frig\u00e9rateurs \u00e0 porte pleine<\/strong><\/a><\/div>\n<\/div>\n\n<div style=\"height:60px\" aria-hidden=\"true\" class=\"wp-block-spacer\"><\/div>\n\n<div class=\"wp-block-group alignfull has-global-padding is-layout-constrained wp-container-core-group-is-layout-a4c69c57 wp-block-group-is-layout-constrained\">\n<div class=\"wp-block-columns is-layout-flex wp-container-core-columns-is-layout-28f84493 wp-block-columns-is-layout-flex\">\n<div class=\"wp-block-column is-layout-flow wp-block-column-is-layout-flow\">\n<h2 class=\"wp-block-heading has-text-color has-link-color wp-elements-d8a8978ae036e0b4b64f22dd12076474\" style=\"color:#205d8f\">Lors du choix d&rsquo;un r\u00e9frig\u00e9rateur m\u00e9dical, plusieurs facteurs cl\u00e9s doivent \u00eatre pris en compte :<\/h2>\n\n\n\n<ul class=\"wp-block-list\">\n<li>Quelle est l&rsquo;utilisation pr\u00e9vue ? D\u00e9terminez si vous allez stocker des vaccins, des m\u00e9dicaments ou des \u00e9chantillons de laboratoire. <\/li>\n\n\n\n<li>Quelle est la taille dont vous avez besoin ?<\/li>\n\n\n\n<li>Quelles sont les normes r\u00e9glementaires \u00e0 respecter ? Veillez \u00e0 ce que l&rsquo;unit\u00e9 soit conforme aux r\u00e9glementations en vigueur. <\/li>\n\n\n\n<li>Quel est votre budget ?<\/li>\n\n\n\n<li>Quelle est la plage de temp\u00e9rature qu&rsquo;il doit maintenir ?<\/li>\n<\/ul>\n\n\n\n<p>Enfin, r\u00e9fl\u00e9chissez \u00e0 l&#8217;emplacement du r\u00e9frig\u00e9rateur, au volume d&rsquo;articles \u00e0 stocker et \u00e0 la fr\u00e9quence d&rsquo;ouverture de la porte. Cela vous aidera \u00e0 d\u00e9terminer si la visibilit\u00e9 accrue d&rsquo;une porte en verre ou la stabilit\u00e9 thermique d&rsquo;une porte pleine convient \u00e0 votre environnement de soins. En outre, tenez compte de l&rsquo;agencement g\u00e9n\u00e9ral de votre espace de travail. Dans les environnements o\u00f9 l&rsquo;espace est limit\u00e9 ou o\u00f9 l&rsquo;acc\u00e8s est fr\u00e9quent, un r\u00e9frig\u00e9rateur \u00e0 porte vitr\u00e9e peut \u00eatre \u00e0 la fois fonctionnel et efficace. En revanche, si la s\u00e9curit\u00e9 et la stabilit\u00e9 de la temp\u00e9rature sont vos principales priorit\u00e9s, un r\u00e9frig\u00e9rateur \u00e0 porte pleine pourrait \u00eatre le choix id\u00e9al.    <\/p>\n\n\n\n<p>La d\u00e9cision se r\u00e9sume en fin de compte \u00e0 un \u00e9quilibre entre l&rsquo;aspect pratique et la s\u00e9curit\u00e9, en fonction des besoins sp\u00e9cifiques de votre cabinet de soins de sant\u00e9.<\/p>\n<\/div>\n<\/div>\n\n\n\n<div class=\"wp-block-buttons is-content-justification-center is-layout-flex wp-container-core-buttons-is-layout-a89b3969 wp-block-buttons-is-layout-flex\">\n<div class=\"wp-block-button\"><a class=\"wp-block-button__link has-background wp-element-button\" href=\"https:\/\/praxas.com\/fr\/balises-du-produit\/flexaline-fr\/\" style=\"border-radius:6px;background-color:#009ee0\"><strong>D\u00e9couvrez la gamme Flexaline<\/strong><\/a><\/div>\n<\/div>\n<\/div>\n\n<div style=\"height:30px\" aria-hidden=\"true\" class=\"wp-block-spacer\"><\/div>\n","protected":false},"excerpt":{"rendered":"<p>Le choix du bon r\u00e9frig\u00e9rateur ou cong\u00e9lateur m\u00e9dical joue un r\u00f4le essentiel dans le maintien de la s\u00e9curit\u00e9 des fournitures m\u00e9dicales sensibles \u00e0 la temp\u00e9rature. Avec autant d&rsquo;options disponibles, il peut \u00eatre difficile de savoir lequel est le mieux adapt\u00e9 \u00e0 vos besoins. Dans ce guide, nous analysons les facteurs cl\u00e9s \u00e0 prendre en compte [&hellip;]<\/p>\n","protected":false},"author":8383,"featured_media":44933,"comment_status":"closed","ping_status":"closed","sticky":false,"template":"","format":"standard","meta":{"_acf_changed":false,"content-type":"","_uag_custom_page_level_css":"","footnotes":""},"categories":[1312],"tags":[3610,3608,3607,3609],"class_list":["post-44943","post","type-post","status-publish","format-standard","has-post-thumbnail","hentry","category-actualites","tag-entreposage-frigorifique","tag-pharmacie","tag-refrigerateur-medical","tag-soins-de-sante"],"acf":[],"spectra_custom_meta":{"_encloseme":["1"],"_top_nav_excluded":[""],"_cms_nav_minihome":[""],"_thumbnail_id":["44933"],"_last_translation_edit_mode":["translation-editor"],"rank_math_analytic_object_id":["974"],"_wpml_word_count":["893"],"rank_math_primary_category":["145"],"rank_math_title":["R\u00e9frig\u00e9rateurs m\u00e9dicaux \u00e0 porte pleine ou en verre %sep% %sitename%"],"rank_math_description":["Vous choisissez un r\u00e9frig\u00e9rateur m\u00e9dical ? Comparez les mod\u00e8les \u00e0 porte pleine et \u00e0 porte vitr\u00e9e pour trouver la meilleure option pour vos besoins de stockage, des laboratoires aux pharmacies. "],"rank_math_focus_keyword":["r\u00e9frig\u00e9rateur m\u00e9dical"],"_uag_css_file_name":["uag-css-44943.css"],"_uag_page_assets":["a:9:{s:3:\"css\";s:263:\".uag-blocks-common-selector{z-index:var(--z-index-desktop) !important}@media (max-width: 976px){.uag-blocks-common-selector{z-index:var(--z-index-tablet) !important}}@media (max-width: 767px){.uag-blocks-common-selector{z-index:var(--z-index-mobile) !important}}\n\";s:2:\"js\";s:0:\"\";s:18:\"current_block_list\";a:11:{i:0;s:14:\"core\/paragraph\";i:1;s:11:\"core\/spacer\";i:2;s:10:\"core\/group\";i:3;s:10:\"core\/image\";i:5;s:12:\"core\/heading\";i:6;s:12:\"core\/columns\";i:7;s:11:\"core\/column\";i:8;s:12:\"core\/buttons\";i:9;s:11:\"core\/button\";i:10;s:9:\"core\/list\";i:11;s:14:\"core\/list-item\";}s:8:\"uag_flag\";b:0;s:11:\"uag_version\";s:10:\"1777052440\";s:6:\"gfonts\";a:0:{}s:10:\"gfonts_url\";s:0:\"\";s:12:\"gfonts_files\";a:0:{}s:14:\"uag_faq_layout\";b:0;}"]},"uagb_featured_image_src":{"full":["https:\/\/praxas.com\/wp-content\/uploads\/Praxas-Fridges-On-Counter.jpg",2048,1024,false],"thumbnail":["https:\/\/praxas.com\/wp-content\/uploads\/Praxas-Fridges-On-Counter-150x150.jpg",150,150,true],"medium":["https:\/\/praxas.com\/wp-content\/uploads\/Praxas-Fridges-On-Counter-300x150.jpg",300,150,true],"medium_large":["https:\/\/praxas.com\/wp-content\/uploads\/Praxas-Fridges-On-Counter-768x384.jpg",768,384,true],"large":["https:\/\/praxas.com\/wp-content\/uploads\/Praxas-Fridges-On-Counter-1024x512.jpg",1024,512,true],"1536x1536":["https:\/\/praxas.com\/wp-content\/uploads\/Praxas-Fridges-On-Counter-1536x768.jpg",1536,768,true],"2048x2048":["https:\/\/praxas.com\/wp-content\/uploads\/Praxas-Fridges-On-Counter.jpg",2048,1024,false],"crunchify-admin-post-featured-image":["https:\/\/praxas.com\/wp-content\/uploads\/Praxas-Fridges-On-Counter-120x60.jpg",120,60,true],"commercegurus-pdp-large":["https:\/\/praxas.com\/wp-content\/uploads\/Praxas-Fridges-On-Counter-990x495.jpg",990,495,true],"commercegurus-plp-mobile":["https:\/\/praxas.com\/wp-content\/uploads\/Praxas-Fridges-On-Counter-441x221.jpg",441,221,true],"cgkit_image_swatch":["https:\/\/praxas.com\/wp-content\/uploads\/Praxas-Fridges-On-Counter-100x100.jpg",100,100,true],"woocommerce_thumbnail":["https:\/\/praxas.com\/wp-content\/uploads\/Praxas-Fridges-On-Counter-350x175.jpg",350,175,true],"woocommerce_single":["https:\/\/praxas.com\/wp-content\/uploads\/Praxas-Fridges-On-Counter-800x400.jpg",800,400,true],"woocommerce_gallery_thumbnail":["https:\/\/praxas.com\/wp-content\/uploads\/Praxas-Fridges-On-Counter-150x75.jpg",150,75,true]},"uagb_author_info":{"display_name":"Alex James","author_link":"https:\/\/praxas.com\/fr\/author\/alex\/"},"uagb_comment_info":0,"uagb_excerpt":"Le choix du bon r\u00e9frig\u00e9rateur ou cong\u00e9lateur m\u00e9dical joue un r\u00f4le essentiel dans le maintien de la s\u00e9curit\u00e9 des fournitures m\u00e9dicales sensibles \u00e0 la temp\u00e9rature. Avec autant d&rsquo;options disponibles, il peut \u00eatre difficile de savoir lequel est le mieux adapt\u00e9 \u00e0 vos besoins. Dans ce guide, nous analysons les facteurs cl\u00e9s \u00e0 prendre en compte\u2026","_links":{"self":[{"href":"https:\/\/praxas.com\/fr\/wp-json\/wp\/v2\/posts\/44943","targetHints":{"allow":["GET"]}}],"collection":[{"href":"https:\/\/praxas.com\/fr\/wp-json\/wp\/v2\/posts"}],"about":[{"href":"https:\/\/praxas.com\/fr\/wp-json\/wp\/v2\/types\/post"}],"author":[{"embeddable":true,"href":"https:\/\/praxas.com\/fr\/wp-json\/wp\/v2\/users\/8383"}],"replies":[{"embeddable":true,"href":"https:\/\/praxas.com\/fr\/wp-json\/wp\/v2\/comments?post=44943"}],"version-history":[{"count":7,"href":"https:\/\/praxas.com\/fr\/wp-json\/wp\/v2\/posts\/44943\/revisions"}],"predecessor-version":[{"id":49284,"href":"https:\/\/praxas.com\/fr\/wp-json\/wp\/v2\/posts\/44943\/revisions\/49284"}],"wp:featuredmedia":[{"embeddable":true,"href":"https:\/\/praxas.com\/fr\/wp-json\/wp\/v2\/media\/44933"}],"wp:attachment":[{"href":"https:\/\/praxas.com\/fr\/wp-json\/wp\/v2\/media?parent=44943"}],"wp:term":[{"taxonomy":"category","embeddable":true,"href":"https:\/\/praxas.com\/fr\/wp-json\/wp\/v2\/categories?post=44943"},{"taxonomy":"post_tag","embeddable":true,"href":"https:\/\/praxas.com\/fr\/wp-json\/wp\/v2\/tags?post=44943"}],"curies":[{"name":"wp","href":"https:\/\/api.w.org\/{rel}","templated":true}]}}