{"id":49371,"date":"2025-06-12T11:07:47","date_gmt":"2025-06-12T11:07:47","guid":{"rendered":"https:\/\/praxas.com\/le-guide-praxas-de-la-conformite-de-la-chaine-du-froid-des-produits-pharmaceutiques-et-des-vaccins-en-2025-du-stockage-a-la-distribution\/"},"modified":"2025-06-26T10:51:11","modified_gmt":"2025-06-26T10:51:11","slug":"le-guide-praxas-de-la-conformite-de-la-chaine-du-froid-des-produits-pharmaceutiques-et-des-vaccins-en-2025-du-stockage-a-la-distribution","status":"publish","type":"post","link":"https:\/\/praxas.com\/fr\/le-guide-praxas-de-la-conformite-de-la-chaine-du-froid-des-produits-pharmaceutiques-et-des-vaccins-en-2025-du-stockage-a-la-distribution\/","title":{"rendered":"Le Guide Praxas de la conformit\u00e9 de la cha\u00eene du froid des produits pharmaceutiques et des vaccins en 2025 : Du stockage \u00e0 la distribution"},"content":{"rendered":"\n<div class=\"wp-block-columns is-layout-flex wp-container-core-columns-is-layout-28f84493 wp-block-columns-is-layout-flex\">\n<div class=\"wp-block-column is-layout-flow wp-block-column-is-layout-flow\">\n<p>Le maintien d&rsquo;une cha\u00eene du froid ininterrompue n&rsquo;est pas seulement une bonne pratique, c&rsquo;est une exigence r\u00e9glementaire non n\u00e9gociable. \u00c0 l&rsquo;aube de 2025, les enjeux sont plus importants que jamais pour les entreprises pharmaceutiques, les fabricants de vaccins, les instituts de recherche et les distributeurs. La demande croissante de produits biologiques sensibles \u00e0 la temp\u00e9rature et de th\u00e9rapies avanc\u00e9es, associ\u00e9e \u00e0 l&rsquo;\u00e9volution des r\u00e9glementations mondiales, exige de solides strat\u00e9gies de surveillance et de conformit\u00e9 de la cha\u00eene du froid.  <\/p>\n\n\n\n<p>Chez Praxas, nous comprenons ces d\u00e9fis. Avec notre gamme compl\u00e8te d&rsquo;<a href=\"https:\/\/praxas.com\/fr\/categorie-produit\/data-loggers-fr\/\">enregistreurs de donn\u00e9es<\/a>, de <a href=\"\/en?product_cat=refrigeration_products\">r\u00e9frig\u00e9rateurs et de cong\u00e9lateurs m\u00e9dicaux<\/a>, nous fournissons les outils et l&rsquo;expertise essentiels pour garantir que vos produits de valeur conservent leur efficacit\u00e9, leur s\u00e9curit\u00e9 et leur int\u00e9grit\u00e9, de la fabrication \u00e0 la livraison au patient. <\/p>\n<\/div>\n<\/div>\n\n<div style=\"height:60px\" aria-hidden=\"true\" class=\"wp-block-spacer\"><\/div>\n\n<div class=\"wp-block-columns is-layout-flex wp-container-core-columns-is-layout-28f84493 wp-block-columns-is-layout-flex\">\n<div class=\"wp-block-column is-layout-flow wp-block-column-is-layout-flow\">\n<h2 class=\"wp-block-heading has-text-color has-link-color wp-elements-102aa72756fd8630111ad010c705813e\" style=\"color:#205d8f\">Qu&rsquo;est-ce que la conformit\u00e9 \u00e0 la cha\u00eene du froid ?<\/h2>\n\n\n\n<p>La conformit\u00e9 de la cha\u00eene du froid est le respect strict des r\u00e9glementations, des normes et des meilleures pratiques \u00e9tablies. L&rsquo;objectif est de maintenir et de transporter les produits sensibles \u00e0 la temp\u00e9rature dans des fourchettes de temp\u00e9rature sp\u00e9cifi\u00e9es tout au long de la cha\u00eene d&rsquo;approvisionnement. Cela permet de garantir la s\u00e9curit\u00e9, l&rsquo;efficacit\u00e9 et la qualit\u00e9 des produits en emp\u00eachant leur d\u00e9gradation, leur d\u00e9t\u00e9rioration et leur contamination. Des variations de temp\u00e9rature, m\u00eame minimes, peuvent rendre les m\u00e9dicaments et les vaccins dangereux ou inutiles, entra\u00eenant d&rsquo;importantes pertes financi\u00e8res, des rappels de produits et de graves effets sur la sant\u00e9 publique.   <\/p>\n\n\n\n<figure class=\"wp-block-image size-large has-custom-border\"><img loading=\"lazy\" decoding=\"async\" width=\"1024\" height=\"576\" src=\"https:\/\/praxas.com\/wp-content\/uploads\/Untitled-8-1024x576.png\" alt=\"\" class=\"wp-image-49325\" style=\"border-radius:30px\" srcset=\"https:\/\/praxas.com\/wp-content\/uploads\/Untitled-8-1024x576.png 1024w, https:\/\/praxas.com\/wp-content\/uploads\/Untitled-8-300x169.png 300w, https:\/\/praxas.com\/wp-content\/uploads\/Untitled-8-768x432.png 768w, https:\/\/praxas.com\/wp-content\/uploads\/Untitled-8-1536x864.png 1536w, https:\/\/praxas.com\/wp-content\/uploads\/Untitled-8-120x68.png 120w, https:\/\/praxas.com\/wp-content\/uploads\/Untitled-8-990x557.png 990w, https:\/\/praxas.com\/wp-content\/uploads\/Untitled-8-441x248.png 441w, https:\/\/praxas.com\/wp-content\/uploads\/Untitled-8-350x197.png 350w, https:\/\/praxas.com\/wp-content\/uploads\/Untitled-8-800x450.png 800w, https:\/\/praxas.com\/wp-content\/uploads\/Untitled-8-150x84.png 150w, https:\/\/praxas.com\/wp-content\/uploads\/Untitled-8.png 1920w\" sizes=\"auto, (max-width: 1024px) 100vw, 1024px\" \/><\/figure>\n<\/div>\n<\/div>\n\n<div style=\"height:60px\" aria-hidden=\"true\" class=\"wp-block-spacer\"><\/div>\n\n<div class=\"wp-block-columns is-layout-flex wp-container-core-columns-is-layout-28f84493 wp-block-columns-is-layout-flex\">\n<div class=\"wp-block-column is-layout-flow wp-block-column-is-layout-flow\">\n<h2 class=\"wp-block-heading has-text-color has-link-color wp-elements-cca6376a5cee229e3c58165d26cc71f6\" style=\"color:#205d8f\">Pourquoi le respect de la cha\u00eene du froid est plus important que jamais en 2025<\/h2>\n\n\n\n<p>Le secteur de la logistique de la cha\u00eene du froid pharmaceutique devrait se d\u00e9velopper de mani\u00e8re significative, pour atteindre plus de 65 milliards de dollars en 2025 et environ 137 milliards de dollars d&rsquo;ici 2034. Cette expansion est motiv\u00e9e par un certain nombre de raisons, qui soulignent toutes l&rsquo;importance d&rsquo;une stricte conformit\u00e9 \u00e0 la cha\u00eene du froid. <\/p>\n\n\n\n<p>Les m\u00e9dicaments modernes, tels que les vaccins, les traitements cellulaires et les th\u00e9rapies g\u00e9niques, sont parfois tr\u00e8s sensibles aux changements de temp\u00e9rature. Des \u00e9carts m\u00eame minimes peuvent les rendre inutiles ou dangereux, ce qui entra\u00eene des pertes financi\u00e8res consid\u00e9rables et, plus grave encore, compromet les r\u00e9sultats pour les patients. Les autorit\u00e9s r\u00e9glementaires mondiales, telles que la <a href=\"https:\/\/www.fda.gov\/\" target=\"_blank\" rel=\"noopener\">FDA<\/a>, l&rsquo;<a href=\"https:\/\/www.ema.europa.eu\/en\/homepage\" target=\"_blank\" rel=\"noopener\">EMA<\/a> et les agences nationales, renforcent continuellement leurs exigences en mati\u00e8re de bonnes pratiques de distribution (BPD).  <\/p>\n<\/div>\n<\/div>\n\n<div style=\"height:60px\" aria-hidden=\"true\" class=\"wp-block-spacer\"><\/div>\n\n<div class=\"wp-block-columns is-layout-flex wp-container-core-columns-is-layout-28f84493 wp-block-columns-is-layout-flex\">\n<div class=\"wp-block-column is-layout-flow wp-block-column-is-layout-flow\">\n<h2 class=\"wp-block-heading has-text-color has-link-color wp-elements-8ff259eb968a0063f45d66682551d5b4\" style=\"color:#205d8f\">Quelles sont les exigences en mati\u00e8re de cha\u00eene du froid ?<\/h2>\n\n\n\n<p>Le respect des r\u00e9glementations relatives \u00e0 la cha\u00eene du froid se traduit par plusieurs exigences pratiques pour une gestion efficace :<\/p>\n\n\n\n<ul class=\"wp-block-list\">\n<li><strong>Contr\u00f4le pr\u00e9cis de la temp\u00e9rature :<\/strong> Maintien des produits dans des plages de temp\u00e9rature sp\u00e9cifiques et \u00e9troites (par exemple, 2\u00b0C \u00e0 8\u00b0C pour les produits r\u00e9frig\u00e9r\u00e9s, -20\u00b0C pour les cong\u00e9lateurs, -70\u00b0C ou moins pour les applications ultra-basses).<\/li>\n\n\n\n<li><strong>Contr\u00f4le continu de la temp\u00e9rature :<\/strong> Utilisation d&rsquo;enregistreurs de donn\u00e9es automatis\u00e9s et de syst\u00e8mes de surveillance en temps r\u00e9el capables de suivre les fluctuations de temp\u00e9rature tout au long du stockage et du transport.<\/li>\n\n\n\n<li><strong>\u00c9quipement valid\u00e9 :<\/strong> Veiller \u00e0 ce que tous les \u00e9quipements de la cha\u00eene du froid, y compris les unit\u00e9s de stockage, les v\u00e9hicules de transport et les dispositifs de surveillance, soient valid\u00e9s pour fonctionner de mani\u00e8re coh\u00e9rente et pr\u00e9cise dans le cadre des param\u00e8tres de temp\u00e9rature sp\u00e9cifi\u00e9s.<\/li>\n\n\n\n<li><strong>Stockage s\u00e9curis\u00e9 et contr\u00f4l\u00e9<\/strong>: Mise en place d&rsquo;installations de stockage avec des contr\u00f4les climatiques appropri\u00e9s, des restrictions d&rsquo;acc\u00e8s et des capacit\u00e9s de s\u00e9gr\u00e9gation.<\/li>\n\n\n\n<li><strong>Emballage appropri\u00e9 :<\/strong> Utiliser des emballages thermiques sp\u00e9cialis\u00e9s (conteneurs isol\u00e9s, mat\u00e9riaux \u00e0 changement de phase, packs de gel) con\u00e7us pour maintenir les temp\u00e9ratures internes pendant la dur\u00e9e pr\u00e9vue du transit.<\/li>\n\n\n\n<li><strong>Une documentation solide :<\/strong> Conserver des enregistrements complets de toutes les donn\u00e9es relatives \u00e0 la temp\u00e9rature, \u00e0 l \u00ab \u00e9talonnage de l \u00bb \u00e9quipement, \u00e0 la formation du personnel et aux rapports de d\u00e9viation \u00e0 des fins d&rsquo;audit.<\/li>\n\n\n\n<li><strong>Protocoles d&rsquo;urgence :<\/strong> Mettre en place des proc\u00e9dures claires en cas de coupure de courant, de panne d \u00ab \u00e9quipement ou d \u00bb \u00e9carts de temp\u00e9rature, y compris une alimentation de secours, un stockage alternatif et des \u00e9quipes d&rsquo;intervention rapide.<\/li>\n\n\n\n<li><strong>Personnel form\u00e9 :<\/strong> Veiller \u00e0 ce que tout le personnel impliqu\u00e9 dans la manipulation de produits sensibles \u00e0 la temp\u00e9rature soit correctement form\u00e9 aux principes de la cha\u00eene du froid, aux exigences sp\u00e9cifiques des produits et aux proc\u00e9dures d&rsquo;urgence.<\/li>\n<\/ul>\n\n\n\n<figure class=\"wp-block-image aligncenter size-full has-custom-border\"><img loading=\"lazy\" decoding=\"async\" width=\"720\" height=\"480\" src=\"https:\/\/praxas.com\/wp-content\/uploads\/Medical-logistics-team-packing-temperature-sensitive-drugs-for-life-saving-transport-operations.png\" alt=\"Emballage des vaccins  \" class=\"wp-image-49351\" style=\"border-radius:30px\" srcset=\"https:\/\/praxas.com\/wp-content\/uploads\/Medical-logistics-team-packing-temperature-sensitive-drugs-for-life-saving-transport-operations.png 720w, https:\/\/praxas.com\/wp-content\/uploads\/Medical-logistics-team-packing-temperature-sensitive-drugs-for-life-saving-transport-operations-300x200.png 300w, https:\/\/praxas.com\/wp-content\/uploads\/Medical-logistics-team-packing-temperature-sensitive-drugs-for-life-saving-transport-operations-120x80.png 120w, https:\/\/praxas.com\/wp-content\/uploads\/Medical-logistics-team-packing-temperature-sensitive-drugs-for-life-saving-transport-operations-441x294.png 441w, https:\/\/praxas.com\/wp-content\/uploads\/Medical-logistics-team-packing-temperature-sensitive-drugs-for-life-saving-transport-operations-350x233.png 350w, https:\/\/praxas.com\/wp-content\/uploads\/Medical-logistics-team-packing-temperature-sensitive-drugs-for-life-saving-transport-operations-150x100.png 150w\" sizes=\"auto, (max-width: 720px) 100vw, 720px\" \/><\/figure>\n<\/div>\n<\/div>\n\n<div style=\"height:60px\" aria-hidden=\"true\" class=\"wp-block-spacer\"><\/div>\n\n<div class=\"wp-block-columns is-layout-flex wp-container-core-columns-is-layout-28f84493 wp-block-columns-is-layout-flex\">\n<div class=\"wp-block-column is-layout-flow wp-block-column-is-layout-flow\">\n<h2 class=\"wp-block-heading has-text-color has-link-color wp-elements-9215bc18892ad2b0380736017d10b328\" style=\"color:#205d8f\">Quels sont les r\u00e8glements relatifs \u00e0 la cha\u00eene du froid ?<\/h2>\n\n\n\n<p>Pour les professionnels des sciences de la vie, il est essentiel de bien comprendre les principaux cadres r\u00e9glementaires. Ces r\u00e9glementations dictent les normes \u00e0 respecter pour maintenir l&rsquo;int\u00e9grit\u00e9 des produits tout au long de la cha\u00eene du froid : <br\/><\/p>\n\n\n\n<ul class=\"wp-block-list\">\n<li><strong>Bonnes pratiques de distribution (BPD) :<\/strong> Ces lignes directrices internationales garantissent le maintien de la qualit\u00e9 et de l&rsquo;int\u00e9grit\u00e9 des m\u00e9dicaments tout au long de la cha\u00eene d&rsquo;approvisionnement. Les aspects cl\u00e9s comprennent un contr\u00f4le sp\u00e9cifique de la temp\u00e9rature pour le stockage et le transport, un \u00e9quipement valid\u00e9, un stockage s\u00e9curis\u00e9, une tenue m\u00e9ticuleuse des registres pour la tra\u00e7abilit\u00e9 et une formation obligatoire du personnel. <\/li>\n\n\n\n<li><strong>\u00c9talonnage tra\u00e7able NIST et UKAS :<\/strong> Bien qu&rsquo;il ne s&rsquo;agisse pas d&rsquo;une \u00ab r\u00e9glementation \u00bb en soi, le fait de s&rsquo;assurer que vos dispositifs de surveillance de la temp\u00e9rature sont \u00e9talonn\u00e9s conform\u00e9ment aux normes du <a href=\"https:\/\/www.nist.gov\/\" target=\"_blank\" rel=\"noopener\">National Institute of Standards and Technology<\/a> (NIST) ou du <a href=\"https:\/\/www.ukas.com\/\" target=\"_blank\" rel=\"noopener\">United Kingdom Accreditation Service<\/a> (UKAS) fournit une preuve document\u00e9e de l&rsquo;exactitude, ce qui constitue souvent une exigence r\u00e9glementaire fondamentale en mati\u00e8re de pr\u00e9cision.<\/li>\n\n\n\n<li><strong>Annexe 11 des BPF de l&rsquo;UE et lignes directrices sur l&rsquo;int\u00e9grit\u00e9 des donn\u00e9es<\/strong>: Ces r\u00e9glementations europ\u00e9ennes essentielles d\u00e9finissent les exigences applicables aux syst\u00e8mes informatis\u00e9s utilis\u00e9s dans le cadre d&rsquo;activit\u00e9s r\u00e9glement\u00e9es par les BPF. Pour vos enregistreurs de donn\u00e9es et vos logiciels de surveillance, cela signifie que les syst\u00e8mes doivent \u00eatre valid\u00e9s, g\u00e9n\u00e9rer des pistes d&rsquo;audit compl\u00e8tes, permettre un acc\u00e8s s\u00e9curis\u00e9 des utilisateurs et des enregistrements \u00e9lectroniques, et garantir l&rsquo;int\u00e9grit\u00e9 et la s\u00e9curit\u00e9 des donn\u00e9es conform\u00e9ment aux attentes de l&rsquo;UE. <\/li>\n\n\n\n<li><strong>R\u00e8glement (UE) n\u00b0 536\/2014 sur les essais cliniques :<\/strong> Ce r\u00e8glement r\u00e9git la conduite des essais cliniques dans l&rsquo;UE, avec des implications pour les m\u00e9dicaments exp\u00e9rimentaux sensibles \u00e0 la temp\u00e9rature et leur gestion de la cha\u00eene du froid.<\/li>\n\n\n\n<li><strong>Directives nationales : <\/strong>De nombreux pays disposent \u00e9galement de r\u00e9glementations ou de lignes directrices nationales sp\u00e9cifiques (par exemple, l&rsquo;agence britannique de r\u00e9glementation des m\u00e9dicaments et des produits de sant\u00e9 &#8211; MHRA, diverses lignes directrices de la pharmacop\u00e9e comme l&rsquo;USP aux \u00c9tats-Unis) qui pr\u00e9cisent les exigences en mati\u00e8re de cha\u00eene du froid pour leurs juridictions respectives.<\/li>\n<\/ul>\n<\/div>\n<\/div>\n\n<div style=\"height:60px\" aria-hidden=\"true\" class=\"wp-block-spacer\"><\/div>\n\n<div class=\"wp-block-columns is-layout-flex wp-container-core-columns-is-layout-28f84493 wp-block-columns-is-layout-flex\">\n<div class=\"wp-block-column is-layout-flow wp-block-column-is-layout-flow\">\n<h2 class=\"wp-block-heading has-text-color has-link-color wp-elements-870f08e24313f3a5c928c822d829a29a\" style=\"color:#205d8f\">Qu&rsquo;est-ce qu&rsquo;une rupture de la cha\u00eene du froid ?<\/h2>\n\n\n\n<p>Une rupture de la cha\u00eene du froid (\u00e9galement connue sous le nom d&rsquo;excursion de temp\u00e9rature) se produit lorsqu&rsquo;un produit sensible \u00e0 la temp\u00e9rature s&rsquo;\u00e9carte de la plage de temp\u00e9rature de stockage et de transport requise ou recommand\u00e9e. Cet \u00e9cart peut \u00eatre : <\/p>\n\n\n\n<ul class=\"wp-block-list\">\n<li>Temp\u00e9rature trop \u00e9lev\u00e9e : Le produit est trop chaud.<\/li>\n\n\n\n<li>Temp\u00e9rature trop basse : Le produit est trop froid, voire congel\u00e9 s&rsquo;il n&rsquo;est pas destin\u00e9 \u00e0 l&rsquo;\u00eatre.<\/li>\n\n\n\n<li>Dur\u00e9e : Dur\u00e9e pendant laquelle le produit se situe en dehors de la plage acceptable (m\u00eame une courte excursion peut \u00eatre critique pour certains produits).<\/li>\n<\/ul>\n\n\n\n<p>Une rupture de la cha\u00eene du froid peut se produire lorsque la porte d&rsquo;un r\u00e9frig\u00e9rateur est laiss\u00e9e entrouverte, qu&rsquo;une panne de courant provoque le r\u00e9chauffement d&rsquo;un cong\u00e9lateur, que l&rsquo;unit\u00e9 de r\u00e9frig\u00e9ration d&rsquo;un v\u00e9hicule de transport fonctionne mal ou que les produits sont mal manipul\u00e9s pendant le chargement\/d\u00e9chargement, les exposant trop longtemps aux temp\u00e9ratures ambiantes Pour de nombreux vaccins, un \u00e9cart en dehors de la fourchette de +2\u00b0C \u00e0 +8\u00b0C, m\u00eame pendant une courte p\u00e9riode, est consid\u00e9r\u00e9 comme une rupture importante.<\/p>\n\n\n\n<figure class=\"wp-block-image size-large has-custom-border\"><img loading=\"lazy\" decoding=\"async\" width=\"1024\" height=\"635\" src=\"https:\/\/praxas.com\/wp-content\/uploads\/AdobeStock_328734677-1024x635.jpeg\" alt=\"\" class=\"wp-image-49331\" style=\"border-radius:30px\" srcset=\"https:\/\/praxas.com\/wp-content\/uploads\/AdobeStock_328734677-1024x635.jpeg 1024w, https:\/\/praxas.com\/wp-content\/uploads\/AdobeStock_328734677-300x186.jpeg 300w, https:\/\/praxas.com\/wp-content\/uploads\/AdobeStock_328734677-768x476.jpeg 768w, https:\/\/praxas.com\/wp-content\/uploads\/AdobeStock_328734677-1536x953.jpeg 1536w, https:\/\/praxas.com\/wp-content\/uploads\/AdobeStock_328734677-2048x1270.jpeg 2048w, https:\/\/praxas.com\/wp-content\/uploads\/AdobeStock_328734677-120x74.jpeg 120w, https:\/\/praxas.com\/wp-content\/uploads\/AdobeStock_328734677-990x614.jpeg 990w, https:\/\/praxas.com\/wp-content\/uploads\/AdobeStock_328734677-441x273.jpeg 441w, https:\/\/praxas.com\/wp-content\/uploads\/AdobeStock_328734677-350x217.jpeg 350w, https:\/\/praxas.com\/wp-content\/uploads\/AdobeStock_328734677-800x496.jpeg 800w, https:\/\/praxas.com\/wp-content\/uploads\/AdobeStock_328734677-150x93.jpeg 150w\" sizes=\"auto, (max-width: 1024px) 100vw, 1024px\" \/><\/figure>\n<\/div>\n<\/div>\n\n<div style=\"height:60px\" aria-hidden=\"true\" class=\"wp-block-spacer\"><\/div>\n\n<div class=\"wp-block-columns is-layout-flex wp-container-core-columns-is-layout-28f84493 wp-block-columns-is-layout-flex\">\n<div class=\"wp-block-column is-layout-flow wp-block-column-is-layout-flow\">\n<h2 class=\"wp-block-heading has-text-color has-link-color wp-elements-3c3041e6727118b78ca56faf28d64d33\" style=\"color:#205d8f\">Quels sont les principes de la cha\u00eene du froid ?<\/h2>\n\n\n\n<p>La gestion efficace de la cha\u00eene du froid repose sur plusieurs principes fondamentaux :<br\/><\/p>\n\n\n\n<ol start=\"1\" class=\"wp-block-list\">\n<li><strong>Contr\u00f4le et stabilit\u00e9 de la temp\u00e9rature :<\/strong> Il s&rsquo;agit du principe fondamental de la cha\u00eene du froid : le maintien d&rsquo;une plage de temp\u00e9rature correcte depuis la fabrication jusqu&rsquo;au point d&rsquo;utilisation. Cela n\u00e9cessite un contr\u00f4le pr\u00e9cis dans les installations de stockage et les v\u00e9hicules de transport, ainsi que l&rsquo;utilisation d&#8217;emballages appropri\u00e9s. <\/li>\n\n\n\n<li><strong>Surveillance continue :<\/strong> S&rsquo;appuyer sur des syst\u00e8mes robustes (tels que des enregistreurs de donn\u00e9es et des capteurs en temps r\u00e9el) pour suivre et enregistrer en permanence les conditions de temp\u00e9rature, en \u00e9mettant des alertes en cas d&rsquo;\u00e9cart.<\/li>\n\n\n\n<li><strong>Documentation et tra\u00e7abilit\u00e9 :<\/strong> Un enregistrement m\u00e9ticuleux \u00e0 chaque \u00e9tape de la cha\u00eene du froid, permettant une tra\u00e7abilit\u00e9 compl\u00e8te de l&rsquo;historique de la temp\u00e9rature d&rsquo;un produit et soutenant les audits r\u00e9glementaires.<\/li>\n\n\n\n<li><strong>Gestion des risques :<\/strong> Identification et att\u00e9nuation proactives des risques potentiels pouvant entra\u00eener des \u00e9carts de temp\u00e9rature, associ\u00e9es \u00e0 des plans d&rsquo;intervention d&rsquo;urgence clairs.<\/li>\n\n\n\n<li><strong>Formation du personnel :<\/strong> Veiller \u00e0 ce que toutes les personnes impliqu\u00e9es dans la cha\u00eene du froid soient parfaitement form\u00e9es \u00e0 la manipulation, au stockage, \u00e0 la surveillance et aux proc\u00e9dures d&rsquo;urgence pour les produits sensibles \u00e0 la temp\u00e9rature.<\/li>\n\n\n\n<li><strong>Processus et \u00e9quipements valid\u00e9s :<\/strong> Tous les \u00e9quipements, installations et proc\u00e9dures utilis\u00e9s dans la cha\u00eene du froid doivent \u00eatre valid\u00e9s afin de garantir qu&rsquo;ils fonctionnent toujours comme pr\u00e9vu et qu&rsquo;ils respectent les normes r\u00e9glementaires.<\/li>\n<\/ol>\n<\/div>\n<\/div>\n\n<div style=\"height:60px\" aria-hidden=\"true\" class=\"wp-block-spacer\"><\/div>\n\n<div class=\"wp-block-columns is-layout-flex wp-container-core-columns-is-layout-28f84493 wp-block-columns-is-layout-flex\">\n<div class=\"wp-block-column is-layout-flow wp-block-column-is-layout-flow\">\n<h2 class=\"wp-block-heading has-text-color has-link-color wp-elements-89325ccb55b18ee2154affaad6d9f00a\" style=\"color:#205d8f\">Que se passe-t-il en cas de rupture de la cha\u00eene du froid ?<\/h2>\n\n\n\n<p>La rupture de la cha\u00eene du froid peut avoir des r\u00e9percussions graves et \u00e9tendues, en particulier pour les m\u00e9dicaments et les vaccins :<\/p>\n\n\n\n<ul class=\"wp-block-list\">\n<li>La cons\u00e9quence la plus imm\u00e9diate et la plus grave est la d\u00e9t\u00e9rioration permanente du produit.<\/li>\n\n\n\n<li>Les m\u00e9dicaments et les vaccins peuvent perdre leur efficacit\u00e9 dans le traitement des maladies ou la production d&rsquo;immunit\u00e9. Cela met en p\u00e9ril la sant\u00e9 et la s\u00e9curit\u00e9 des patients. <\/li>\n\n\n\n<li>Dans certaines situations, un changement de temp\u00e9rature peut non seulement diminuer l&rsquo;efficacit\u00e9, mais aussi entra\u00eener la cr\u00e9ation de sous-produits toxiques ou une contamination, rendant le produit dangereux \u00e0 utiliser.<\/li>\n\n\n\n<li>La rupture de la cha\u00eene du froid entra\u00eene de lourdes pertes financi\u00e8res en raison des marchandises avari\u00e9es qui doivent \u00eatre abandonn\u00e9es, des d\u00e9penses de production perdues et des co\u00fbts suppl\u00e9mentaires de r\u00e9approvisionnement ou de refabrication.<\/li>\n\n\n\n<li>Le non-respect de l&rsquo;int\u00e9grit\u00e9 de la cha\u00eene du froid entra\u00eene des violations de la r\u00e9glementation, qui peuvent donner lieu \u00e0 des sanctions importantes, \u00e0 des poursuites judiciaires, \u00e0 des rappels de produits, voire \u00e0 la suspension de l&rsquo;autorisation d&rsquo;exercer.<\/li>\n\n\n\n<li>Les rappels de produits ou les probl\u00e8mes de sant\u00e9 publique caus\u00e9s par des ruptures de la cha\u00eene du froid peuvent nuire \u00e0 la r\u00e9putation d&rsquo;une entreprise, \u00e9roder la confiance des consommateurs et diminuer l&rsquo;image de marque.<\/li>\n\n\n\n<li>La compromission de la cha\u00eene du froid \u00e0 grande \u00e9chelle peut entra\u00eener des p\u00e9nuries de produits, retarder l&rsquo;approvisionnement en produits pharmaceutiques essentiels et mettre en p\u00e9ril les initiatives de sant\u00e9 publique.<\/li>\n\n\n\n<li>Les produits avari\u00e9s viennent s&rsquo;ajouter aux d\u00e9chets pharmaceutiques, qui peuvent avoir de graves cons\u00e9quences environnementales s&rsquo;ils ne sont pas \u00e9limin\u00e9s correctement.<\/li>\n<\/ul>\n\n\n\n<figure class=\"wp-block-image size-large has-custom-border\"><img loading=\"lazy\" decoding=\"async\" width=\"1024\" height=\"681\" src=\"https:\/\/praxas.com\/wp-content\/uploads\/medical-waste-1024x681.jpeg\" alt=\"\" class=\"wp-image-49337\" style=\"border-radius:30px\" srcset=\"https:\/\/praxas.com\/wp-content\/uploads\/medical-waste-1024x681.jpeg 1024w, https:\/\/praxas.com\/wp-content\/uploads\/medical-waste-300x200.jpeg 300w, https:\/\/praxas.com\/wp-content\/uploads\/medical-waste-768x511.jpeg 768w, https:\/\/praxas.com\/wp-content\/uploads\/medical-waste-1536x1022.jpeg 1536w, https:\/\/praxas.com\/wp-content\/uploads\/medical-waste-2048x1363.jpeg 2048w, https:\/\/praxas.com\/wp-content\/uploads\/medical-waste-120x80.jpeg 120w, https:\/\/praxas.com\/wp-content\/uploads\/medical-waste-990x659.jpeg 990w, https:\/\/praxas.com\/wp-content\/uploads\/medical-waste-441x293.jpeg 441w, https:\/\/praxas.com\/wp-content\/uploads\/medical-waste-350x233.jpeg 350w, https:\/\/praxas.com\/wp-content\/uploads\/medical-waste-800x532.jpeg 800w, https:\/\/praxas.com\/wp-content\/uploads\/medical-waste-150x100.jpeg 150w\" sizes=\"auto, (max-width: 1024px) 100vw, 1024px\" \/><\/figure>\n<\/div>\n<\/div>\n\n<div style=\"height:60px\" aria-hidden=\"true\" class=\"wp-block-spacer\"><\/div>\n\n<div class=\"wp-block-columns is-layout-flex wp-container-core-columns-is-layout-28f84493 wp-block-columns-is-layout-flex\">\n<div class=\"wp-block-column is-layout-flow wp-block-column-is-layout-flow\">\n<h2 class=\"wp-block-heading has-text-color has-link-color wp-elements-7ddbf4311386ca65cf9a31518fb50712\" style=\"color:#205d8f\">Praxas : Solutions de conformit\u00e9 pour la cha\u00eene du froid<\/h2>\n\n\n\n<p>Les enregistreurs de donn\u00e9es, les r\u00e9frig\u00e9rateurs et les cong\u00e9lateurs m\u00e9dicaux de Praxas sont con\u00e7us pour r\u00e9pondre \u00e0 ces crit\u00e8res stricts, avec des caract\u00e9ristiques qui r\u00e9pondent directement aux probl\u00e8mes de l&rsquo;industrie des sciences de la vie.<\/p>\n\n\n\n<p>Les enregistreurs de donn\u00e9es EasyLog sont plus que de simples enregistreurs de temp\u00e9rature ; ce sont des dispositifs de surveillance complets con\u00e7us pour r\u00e9pondre aux exigences des cha\u00eenes du froid des produits pharmaceutiques et des vaccins. Ils offrent pr\u00e9cision et exactitude, sont calibr\u00e9s selon des normes strictes et fournissent des mesures de temp\u00e9rature pr\u00e9cises dans des plages critiques.   <\/p>\n\n\n\n<p>Les enregistrements \u00e9lectroniques s\u00e9curis\u00e9s, les pistes d&rsquo;audit \u00e9tendues, les signatures \u00e9lectroniques et les restrictions d&rsquo;acc\u00e8s des utilisateurs font partie des fonctionnalit\u00e9s incluses dans le logiciel Praxas Cloud qui contribuent \u00e0 la conformit\u00e9 r\u00e9glementaire. Nos enregistreurs permettent une surveillance et des notifications en temps r\u00e9el, avec des alarmes rapides par e-mail, SMS ou visuelles pour tout changement de temp\u00e9rature. La connectivit\u00e9 cloud vous permet d&rsquo;acc\u00e9der aux donn\u00e9es en temps r\u00e9el depuis n&rsquo;importe o\u00f9, pour une visibilit\u00e9 totale.  <\/p>\n\n\n\n<p>Ces enregistreurs permettent \u00e9galement le stockage de donn\u00e9es et l&rsquo;\u00e9tablissement de rapports, avec une m\u00e9moire suffisante pour l&rsquo;enregistrement \u00e0 long terme et la possibilit\u00e9 de g\u00e9n\u00e9rer des rapports d\u00e9taill\u00e9s et personnalisables pour les audits, la validation et l&rsquo;analyse, ainsi qu&rsquo;une vari\u00e9t\u00e9 d&rsquo;options de sondes, telles que des bouteilles remplies de glycol pour simuler les temp\u00e9ratures des produits.<\/p>\n\n\n\n<p>La gamme de syst\u00e8mes de r\u00e9frig\u00e9ration \u00e0 temp\u00e9rature contr\u00f4l\u00e9e Praxas offre la fiabilit\u00e9 et les caract\u00e9ristiques requises pour les produits sensibles des sciences de la vie. Ces unit\u00e9s am\u00e9liorent l&rsquo;uniformit\u00e9 et la stabilit\u00e9 de la temp\u00e9rature et sont con\u00e7ues pour maintenir des temp\u00e9ratures internes constantes tout en minimisant les zones chaudes et froides. Chaque unit\u00e9 dispose de syst\u00e8mes d&rsquo;alarme sophistiqu\u00e9s pour les \u00e9carts de temp\u00e9rature, les coupures de courant et les portes entrouvertes, ainsi que de possibilit\u00e9s de notification \u00e0 distance. Elles disposent \u00e9galement de syst\u00e8mes de secours, tels que des batteries de secours, et de ports pour les syst\u00e8mes d&rsquo;urgence CO\u2082\/LN2. Les portes verrouillables et le contr\u00f4le d&rsquo;acc\u00e8s font partie des mesures de s\u00e9curit\u00e9 renforc\u00e9es. Nos unit\u00e9s sont \u00e9galement dot\u00e9es de ports de validation pour un acc\u00e8s rapide \u00e0 la cartographie des temp\u00e9ratures et aux \u00e9tudes de validation, ce qui facilite les efforts de mise en conformit\u00e9, et sont \u00e9conomes en \u00e9nergie, conform\u00e9ment \u00e0 la tendance croissante vers des pratiques de laboratoire durables en 2025.     <\/p>\n\n\n\n<p>La complexit\u00e9 de la gestion de la cha\u00eene du froid exige plus qu&rsquo;un simple \u00e9quipement, elle exige un partenaire strat\u00e9gique. Praxas offre des solutions fiables et la connaissance approfondie n\u00e9cessaire pour garantir votre cha\u00eene du froid. Cela facilite une conformit\u00e9 sans faille et garantit que les pr\u00e9cieux produits des sciences de la vie atteignent leur destination de mani\u00e8re s\u00fbre et efficace.  <\/p>\n\n\n\n<p>Pr\u00eat \u00e0 am\u00e9liorer la conformit\u00e9 de votre cha\u00eene du froid ? D\u00e9couvrez la gamme Praxas d&rsquo;<a href=\"https:\/\/praxas.com\/fr\/categorie-produit\/data-loggers-fr\/\">enregistreurs de donn\u00e9es<\/a>, de <a href=\"\/en?product_cat=refrigeration_products\">r\u00e9frig\u00e9rateurs m\u00e9dicaux et de cong\u00e9lateurs<\/a> con\u00e7us pour l&rsquo;avenir des sciences de la vie. <\/p>\n<\/div>\n<\/div>\n\n<div style=\"height:80px\" aria-hidden=\"true\" class=\"wp-block-spacer\"><\/div>\n","protected":false},"excerpt":{"rendered":"<p>Le maintien d&rsquo;une cha\u00eene du froid ininterrompue n&rsquo;est pas seulement une bonne pratique, c&rsquo;est une exigence r\u00e9glementaire non n\u00e9gociable. \u00c0 l&rsquo;aube de 2025, les enjeux sont plus importants que jamais pour les entreprises pharmaceutiques, les fabricants de vaccins, les instituts de recherche et les distributeurs. La demande croissante de produits biologiques sensibles \u00e0 la temp\u00e9rature [&hellip;]<\/p>\n","protected":false},"author":4,"featured_media":49359,"comment_status":"closed","ping_status":"closed","sticky":false,"template":"","format":"standard","meta":{"_acf_changed":false,"content-type":"","_uag_custom_page_level_css":"","footnotes":""},"categories":[1312],"tags":[3550,3536,3592,3607,3570],"class_list":["post-49371","post","type-post","status-publish","format-standard","has-post-thumbnail","hentry","category-actualites","tag-controle-de-la-temperature","tag-enregistreurs-de-donnees","tag-logistique","tag-refrigerateur-medical","tag-transport-fr"],"acf":[],"spectra_custom_meta":{"_encloseme":["1"],"rank_math_primary_category":["145"],"_top_nav_excluded":[""],"_cms_nav_minihome":[""],"_thumbnail_id":["49359"],"_last_translation_edit_mode":["translation-editor"],"_wpml_word_count":["2681"],"rank_math_analytic_object_id":["1213"],"rank_math_title":["Conformit\u00e9 de la cha\u00eene du froid : Pour une logistique s\u00fbre %sep% %sitename%"],"rank_math_description":["D\u00e9couvrez comment ma\u00eetriser la conformit\u00e9 de la cha\u00eene du froid en 2025. Garantissez une distribution s\u00fbre et efficace des produits pharmaceutiques et des vaccins gr\u00e2ce aux solutions expertes de Praxas. "],"rank_math_focus_keyword":["Respect de la cha\u00eene du froid"],"_uag_css_file_name":["uag-css-49371.css"],"rank_math_internal_links_processed":["1"],"_uag_page_assets":["a:9:{s:3:\"css\";s:263:\".uag-blocks-common-selector{z-index:var(--z-index-desktop) !important}@media (max-width: 976px){.uag-blocks-common-selector{z-index:var(--z-index-tablet) !important}}@media (max-width: 767px){.uag-blocks-common-selector{z-index:var(--z-index-mobile) !important}}\n\";s:2:\"js\";s:0:\"\";s:18:\"current_block_list\";a:8:{i:0;s:12:\"core\/columns\";i:1;s:11:\"core\/column\";i:2;s:14:\"core\/paragraph\";i:3;s:11:\"core\/spacer\";i:6;s:12:\"core\/heading\";i:7;s:10:\"core\/image\";i:8;s:9:\"core\/list\";i:9;s:14:\"core\/list-item\";}s:8:\"uag_flag\";b:0;s:11:\"uag_version\";s:10:\"1777052440\";s:6:\"gfonts\";a:0:{}s:10:\"gfonts_url\";s:0:\"\";s:12:\"gfonts_files\";a:0:{}s:14:\"uag_faq_layout\";b:0;}"]},"uagb_featured_image_src":{"full":["https:\/\/praxas.com\/wp-content\/uploads\/Guide-to-Cold-Chain-Compliance.png",2048,1024,false],"thumbnail":["https:\/\/praxas.com\/wp-content\/uploads\/Guide-to-Cold-Chain-Compliance-150x150.png",150,150,true],"medium":["https:\/\/praxas.com\/wp-content\/uploads\/Guide-to-Cold-Chain-Compliance-300x150.png",300,150,true],"medium_large":["https:\/\/praxas.com\/wp-content\/uploads\/Guide-to-Cold-Chain-Compliance-768x384.png",768,384,true],"large":["https:\/\/praxas.com\/wp-content\/uploads\/Guide-to-Cold-Chain-Compliance-1024x512.png",1024,512,true],"1536x1536":["https:\/\/praxas.com\/wp-content\/uploads\/Guide-to-Cold-Chain-Compliance-1536x768.png",1536,768,true],"2048x2048":["https:\/\/praxas.com\/wp-content\/uploads\/Guide-to-Cold-Chain-Compliance.png",2048,1024,false],"crunchify-admin-post-featured-image":["https:\/\/praxas.com\/wp-content\/uploads\/Guide-to-Cold-Chain-Compliance-120x60.png",120,60,true],"commercegurus-pdp-large":["https:\/\/praxas.com\/wp-content\/uploads\/Guide-to-Cold-Chain-Compliance-990x495.png",990,495,true],"commercegurus-plp-mobile":["https:\/\/praxas.com\/wp-content\/uploads\/Guide-to-Cold-Chain-Compliance-441x221.png",441,221,true],"cgkit_image_swatch":["https:\/\/praxas.com\/wp-content\/uploads\/Guide-to-Cold-Chain-Compliance-100x100.png",100,100,true],"woocommerce_thumbnail":["https:\/\/praxas.com\/wp-content\/uploads\/Guide-to-Cold-Chain-Compliance-350x175.png",350,175,true],"woocommerce_single":["https:\/\/praxas.com\/wp-content\/uploads\/Guide-to-Cold-Chain-Compliance-800x400.png",800,400,true],"woocommerce_gallery_thumbnail":["https:\/\/praxas.com\/wp-content\/uploads\/Guide-to-Cold-Chain-Compliance-150x75.png",150,75,true]},"uagb_author_info":{"display_name":"Beth Foord","author_link":"https:\/\/praxas.com\/fr\/author\/beth\/"},"uagb_comment_info":0,"uagb_excerpt":"Le maintien d&rsquo;une cha\u00eene du froid ininterrompue n&rsquo;est pas seulement une bonne pratique, c&rsquo;est une exigence r\u00e9glementaire non n\u00e9gociable. \u00c0 l&rsquo;aube de 2025, les enjeux sont plus importants que jamais pour les entreprises pharmaceutiques, les fabricants de vaccins, les instituts de recherche et les distributeurs. La demande croissante de produits biologiques sensibles \u00e0 la temp\u00e9rature\u2026","_links":{"self":[{"href":"https:\/\/praxas.com\/fr\/wp-json\/wp\/v2\/posts\/49371","targetHints":{"allow":["GET"]}}],"collection":[{"href":"https:\/\/praxas.com\/fr\/wp-json\/wp\/v2\/posts"}],"about":[{"href":"https:\/\/praxas.com\/fr\/wp-json\/wp\/v2\/types\/post"}],"author":[{"embeddable":true,"href":"https:\/\/praxas.com\/fr\/wp-json\/wp\/v2\/users\/4"}],"replies":[{"embeddable":true,"href":"https:\/\/praxas.com\/fr\/wp-json\/wp\/v2\/comments?post=49371"}],"version-history":[{"count":3,"href":"https:\/\/praxas.com\/fr\/wp-json\/wp\/v2\/posts\/49371\/revisions"}],"predecessor-version":[{"id":50819,"href":"https:\/\/praxas.com\/fr\/wp-json\/wp\/v2\/posts\/49371\/revisions\/50819"}],"wp:featuredmedia":[{"embeddable":true,"href":"https:\/\/praxas.com\/fr\/wp-json\/wp\/v2\/media\/49359"}],"wp:attachment":[{"href":"https:\/\/praxas.com\/fr\/wp-json\/wp\/v2\/media?parent=49371"}],"wp:term":[{"taxonomy":"category","embeddable":true,"href":"https:\/\/praxas.com\/fr\/wp-json\/wp\/v2\/categories?post=49371"},{"taxonomy":"post_tag","embeddable":true,"href":"https:\/\/praxas.com\/fr\/wp-json\/wp\/v2\/tags?post=49371"}],"curies":[{"name":"wp","href":"https:\/\/api.w.org\/{rel}","templated":true}]}}