{"id":35523,"date":"2022-09-12T10:10:01","date_gmt":"2022-09-12T08:10:01","guid":{"rendered":"https:\/\/staging.praxas.com\/presentiamo-lel-wem-lultimo-arrivato-nella-nostra-gamma-di-monitor-per-la-qualita-dellaria-interna\/"},"modified":"2025-10-14T17:51:32","modified_gmt":"2025-10-14T15:51:32","slug":"presentiamo-lel-wem-lultimo-arrivato-nella-nostra-gamma-di-monitor-per-la-qualita-dellaria-interna","status":"publish","type":"post","link":"https:\/\/praxas.com\/it\/presentiamo-lel-wem-lultimo-arrivato-nella-nostra-gamma-di-monitor-per-la-qualita-dellaria-interna\/","title":{"rendered":"Presentiamo l&#8217;EL-WEM+, l&#8217;ultimo arrivato nella nostra gamma di monitor per la qualit\u00e0 dell&#8217;aria interna"},"content":{"rendered":"\n<p>Il <strong>\n  <a href=\"https:\/\/praxas.com\/es\/product\/registratori-di-dati\/temperatura-e-umidita\/el-wem-2\/\" data-type=\"link\" data-id=\"https:\/\/praxas.com\/product\/data-loggers\/air-quality\/easylog-el-wemplus\/\">EL-WEM+<\/a>\n<\/strong> \u00e8 l&#8217;ultima novit\u00e0 della nostra <a href=\"https:\/\/praxas.com\/it\/categoria-prodotto\/registratori-di-dati\/qualita-dellaria\/\" data-type=\"link\" data-id=\"https:\/\/praxas.com\/product-category\/data-loggers\/air-quality\/\">\n  <strong>gamma di strumenti per il monitoraggio della qualit\u00e0 dell&#8217;aria<\/strong>\n<\/a>. Questo monitor della qualit\u00e0 dell&#8217;aria interna e della<sub>CO2<\/sub> ad alta precisione \u00e8 il dispositivo ideale per un&#8217;ampia gamma di ambienti, come la casa, il lavoro, le scuole, gli uffici, i centri ricreativi, i teatri e molto altro ancora.<\/p>\n\n<p>All&#8217;interno di un elegante involucro, l&#8217;EL-WEM+ porta il multitasking a un nuovo livello. Monitora continuamente<sub>CO2<\/sub>, temperatura, umidit\u00e0, VOC, pressione e particolato (inclusi PM10, PM2.5 e PM1) per calcolare una lettura complessiva della qualit\u00e0 dell&#8217;aria interna.<\/p>\n\n<p>Il dispositivo mostra lo stato della qualit\u00e0 dell&#8217;aria sulla spia di stato, che cambia colore man mano che la lettura della qualit\u00e0 dell&#8217;aria passa da eccellente a inadeguata; se raggiunge uno dei due livelli pi\u00f9 bassi, la spia di stato diventa rossa. Puoi anche impostare notifiche via e-mail e SMS, in modo da essere avvisato immediatamente della modifica anche quando sei fuori casa.<\/p>\n\n<p>Come tutti i nostri dispositivi wireless, l&#8217;EL-WEM+ \u00e8 collegato al Cloud, il che significa che tutte le tue letture vengono caricate automaticamente sul Cloud di EasyLog dove puoi visualizzare, analizzare e scaricare tutti i dati misurati. Con un <a href=\"https:\/\/praxas.com\/it\/easylog-cloud-it\/\" data-type=\"link\" data-id=\"https:\/\/praxas.com\/en\/easylog-cloud\/\" target=\"_blank\" rel=\"noreferrer noopener\">\n  <strong>account EasyLog Cloud<\/strong>\n<\/a>puoi anche collegare pi\u00f9 dispositivi a un unico account, in modo da poter visualizzare le letture di tutti i dispositivi di un edificio o di pi\u00f9 edifici in un unico posto. <\/p>\n\n<figure class=\"wp-block-image\"><img loading=\"lazy\" decoding=\"async\" width=\"300\" height=\"158\" src=\"https:\/\/praxas.com\/wp-content\/uploads\/News-el-wem-tech-image-6-1-300x158.jpg\" alt=\"monitor della qualit&#xE0; dell'aria e iphone\" class=\"wp-image-11462\" srcset=\"https:\/\/praxas.com\/wp-content\/uploads\/News-el-wem-tech-image-6-1-300x158.jpg 300w, https:\/\/praxas.com\/wp-content\/uploads\/News-el-wem-tech-image-6-1-1024x538.jpg 1024w, https:\/\/praxas.com\/wp-content\/uploads\/News-el-wem-tech-image-6-1-768x403.jpg 768w, https:\/\/praxas.com\/wp-content\/uploads\/News-el-wem-tech-image-6-1-120x63.jpg 120w, https:\/\/praxas.com\/wp-content\/uploads\/News-el-wem-tech-image-6-1-990x520.jpg 990w, https:\/\/praxas.com\/wp-content\/uploads\/News-el-wem-tech-image-6-1-441x232.jpg 441w, https:\/\/praxas.com\/wp-content\/uploads\/News-el-wem-tech-image-6-1-800x420.jpg 800w, https:\/\/praxas.com\/wp-content\/uploads\/News-el-wem-tech-image-6-1-150x79.jpg 150w, https:\/\/praxas.com\/wp-content\/uploads\/News-el-wem-tech-image-6-1.jpg 1200w\" sizes=\"auto, (max-width: 300px) 100vw, 300px\" \/><\/figure>\n\n<p>Caratteristiche principali:<\/p>\n\n<ul class=\"wp-block-list\">\n<li>L&#8217;anello di stato mostra la qualit\u00e0 dell&#8217;aria in qualsiasi momento<\/li>\n\n\n\n<li>Avvisi audiovisivi sul dispositivo per un&#8217;indicazione immediata dei cambiamenti nella IAQ<\/li>\n\n\n\n<li>Notifiche via SMS e via e-mail quando l&#8217;IAQ scende a livelli insufficienti<\/li>\n\n\n\n<li>Carica automaticamente tutti i dati registrati sul Cloud di EasyLog.<\/li>\n\n\n\n<li>Rileva i VOC di vernici, lacche, sverniciatori, prodotti per la pulizia, arredi, colle, adesivi e alcol.<\/li>\n<\/ul>\n\n<p>Ottieni il tuo <strong>\n  <a href=\"https:\/\/praxas.com\/es\/product\/registratori-di-dati\/temperatura-e-umidita\/el-wem-2\/\" data-type=\"link\" data-id=\"https:\/\/praxas.com\/product\/data-loggers\/air-quality\/easylog-el-wemplus\/\">EL-WEM+<\/a>\n<\/strong> sul nostro sito web. Per maggiori informazioni, contatta il nostro team di vendita.<\/p>\n\n<p><a title=\"Chiama il numero +44(0)1794 884567 tramite 3CX\" href=\"tel:+44(0)1794%20884567\" target=\"_blank\" rel=\"noopener\"><strong>+31 (0)76 50 40 268<\/strong><\/a><br\/><\/p>\n<p><a href=\"mailto:us-sales@lascarelectronics.com\"><strong>info@praxas.com<\/strong><\/a><\/p>\n","protected":false},"excerpt":{"rendered":"<p>Il EL-WEM+ \u00e8 l&#8217;ultima novit\u00e0 della nostra gamma di strumenti per il monitoraggio della qualit\u00e0 dell&#8217;aria . Questo monitor della qualit\u00e0 dell&#8217;aria interna e dellaCO2 ad alta precisione \u00e8 il dispositivo ideale per un&#8217;ampia gamma di ambienti, come la casa, il lavoro, le scuole, gli uffici, i centri ricreativi, i teatri e molto altro ancora. [&hellip;]<\/p>\n","protected":false},"author":5,"featured_media":35524,"comment_status":"closed","ping_status":"closed","sticky":false,"template":"","format":"standard","meta":{"_acf_changed":false,"content-type":"","_uag_custom_page_level_css":"","footnotes":""},"categories":[1966],"tags":[],"class_list":["post-35523","post","type-post","status-publish","format-standard","has-post-thumbnail","hentry","category-notizie"],"acf":[],"spectra_custom_meta":{"_encloseme":["1"],"_top_nav_excluded":[""],"_cms_nav_minihome":[""],"_thumbnail_id":["35524"],"_last_translation_edit_mode":["translation-editor"],"rank_math_primary_category":["145"],"_wpml_word_count":["355"],"rank_math_title":["Lascar lancia i monitor per la qualit\u00e0 dell'aria indoor EL-WEM+ |"],"rank_math_description":["L'EL-WEM+ \u00e8 l'ultimo nato della nostra gamma di monitoraggi della qualit\u00e0 dell'aria Questo monitor della qualit\u00e0 dell'aria interna ad alta precisione \u00e8 il dispositivo ideale per una serie di ambienti"],"rank_math_focus_keyword":["L'EL-WEM+"],"_uag_css_file_name":["uag-css-35523.css"],"_uag_page_assets":["a:9:{s:3:\"css\";s:0:\"\";s:2:\"js\";s:0:\"\";s:18:\"current_block_list\";a:5:{i:0;s:14:\"core\/paragraph\";i:1;s:10:\"core\/image\";i:2;s:9:\"core\/list\";i:3;s:14:\"core\/list-item\";i:4;s:14:\"core\/shortcode\";}s:8:\"uag_flag\";b:0;s:11:\"uag_version\";s:10:\"1777052440\";s:6:\"gfonts\";a:0:{}s:10:\"gfonts_url\";s:0:\"\";s:12:\"gfonts_files\";a:0:{}s:14:\"uag_faq_layout\";b:0;}"]},"uagb_featured_image_src":{"full":["https:\/\/praxas.com\/wp-content\/uploads\/News-EL-WEM-Tech-Image-1.jpg",1200,630,false],"thumbnail":["https:\/\/praxas.com\/wp-content\/uploads\/News-EL-WEM-Tech-Image-1-150x150.jpg",150,150,true],"medium":["https:\/\/praxas.com\/wp-content\/uploads\/News-EL-WEM-Tech-Image-1-300x158.jpg",300,158,true],"medium_large":["https:\/\/praxas.com\/wp-content\/uploads\/News-EL-WEM-Tech-Image-1-768x403.jpg",768,403,true],"large":["https:\/\/praxas.com\/wp-content\/uploads\/News-EL-WEM-Tech-Image-1-1024x538.jpg",1024,538,true],"1536x1536":["https:\/\/praxas.com\/wp-content\/uploads\/News-EL-WEM-Tech-Image-1.jpg",1200,630,false],"2048x2048":["https:\/\/praxas.com\/wp-content\/uploads\/News-EL-WEM-Tech-Image-1.jpg",1200,630,false],"crunchify-admin-post-featured-image":["https:\/\/praxas.com\/wp-content\/uploads\/News-EL-WEM-Tech-Image-1-120x63.jpg",120,63,true],"commercegurus-pdp-large":["https:\/\/praxas.com\/wp-content\/uploads\/News-EL-WEM-Tech-Image-1-990x520.jpg",990,520,true],"commercegurus-plp-mobile":["https:\/\/praxas.com\/wp-content\/uploads\/News-EL-WEM-Tech-Image-1-441x232.jpg",441,232,true],"cgkit_image_swatch":["https:\/\/praxas.com\/wp-content\/uploads\/News-EL-WEM-Tech-Image-1-100x100.jpg",100,100,true],"woocommerce_thumbnail":["https:\/\/praxas.com\/wp-content\/uploads\/News-EL-WEM-Tech-Image-1-300x158.jpg",300,158,true],"woocommerce_single":["https:\/\/praxas.com\/wp-content\/uploads\/News-EL-WEM-Tech-Image-1-800x420.jpg",800,420,true],"woocommerce_gallery_thumbnail":["https:\/\/praxas.com\/wp-content\/uploads\/News-EL-WEM-Tech-Image-1-150x79.jpg",150,79,true]},"uagb_author_info":{"display_name":"Ellen Potter","author_link":"https:\/\/praxas.com\/it\/author\/ellen\/"},"uagb_comment_info":0,"uagb_excerpt":"Il EL-WEM+ \u00e8 l&#8217;ultima novit\u00e0 della nostra gamma di strumenti per il monitoraggio della qualit\u00e0 dell&#8217;aria . Questo monitor della qualit\u00e0 dell&#8217;aria interna e dellaCO2 ad alta precisione \u00e8 il dispositivo ideale per un&#8217;ampia gamma di ambienti, come la casa, il lavoro, le scuole, gli uffici, i centri ricreativi, i teatri e molto altro ancora.&hellip;","_links":{"self":[{"href":"https:\/\/praxas.com\/it\/wp-json\/wp\/v2\/posts\/35523","targetHints":{"allow":["GET"]}}],"collection":[{"href":"https:\/\/praxas.com\/it\/wp-json\/wp\/v2\/posts"}],"about":[{"href":"https:\/\/praxas.com\/it\/wp-json\/wp\/v2\/types\/post"}],"author":[{"embeddable":true,"href":"https:\/\/praxas.com\/it\/wp-json\/wp\/v2\/users\/5"}],"replies":[{"embeddable":true,"href":"https:\/\/praxas.com\/it\/wp-json\/wp\/v2\/comments?post=35523"}],"version-history":[{"count":5,"href":"https:\/\/praxas.com\/it\/wp-json\/wp\/v2\/posts\/35523\/revisions"}],"predecessor-version":[{"id":52120,"href":"https:\/\/praxas.com\/it\/wp-json\/wp\/v2\/posts\/35523\/revisions\/52120"}],"wp:featuredmedia":[{"embeddable":true,"href":"https:\/\/praxas.com\/it\/wp-json\/wp\/v2\/media\/35524"}],"wp:attachment":[{"href":"https:\/\/praxas.com\/it\/wp-json\/wp\/v2\/media?parent=35523"}],"wp:term":[{"taxonomy":"category","embeddable":true,"href":"https:\/\/praxas.com\/it\/wp-json\/wp\/v2\/categories?post=35523"},{"taxonomy":"post_tag","embeddable":true,"href":"https:\/\/praxas.com\/it\/wp-json\/wp\/v2\/tags?post=35523"}],"curies":[{"name":"wp","href":"https:\/\/api.w.org\/{rel}","templated":true}]}}