{"id":35571,"date":"2023-06-09T09:54:00","date_gmt":"2023-06-09T07:54:00","guid":{"rendered":"https:\/\/staging.praxas.com\/monitoraggio-della-qualita-dellaria-interna-nelle-aree-colpite-dagli-incendi-boschivi\/"},"modified":"2025-11-03T16:14:23","modified_gmt":"2025-11-03T15:14:23","slug":"monitoraggio-della-qualita-dellaria-interna-nelle-aree-colpite-dagli-incendi-boschivi","status":"publish","type":"post","link":"https:\/\/praxas.com\/it\/monitoraggio-della-qualita-dellaria-interna-nelle-aree-colpite-dagli-incendi-boschivi\/","title":{"rendered":"Monitoraggio della qualit\u00e0 dell&#8217;aria interna nelle aree colpite dagli incendi boschivi"},"content":{"rendered":"\n<p>Nelle regioni colpite dagli incendi boschivi, il <strong><a href=\"https:\/\/www.bbc.co.uk\/news\/av\/world-us-canada-65846725\" target=\"_blank\" rel=\"noopener\">diminuzione della qualit\u00e0 dell&#8217;aria esterna<\/a><\/strong> richiede una maggiore attenzione agli ambienti interni, soprattutto durante gli eventi e le conferenze. Il monitoraggio della qualit\u00e0 dell&#8217;aria interna nelle aree colpite dagli incendi diventa fondamentale per proteggere il benessere dei partecipanti. In questo articolo sottolineeremo l&#8217;importanza del monitoraggio della qualit\u00e0 dell&#8217;aria interna nelle aree colpite dagli incendi e presenteremo una soluzione all&#8217;avanguardia, l&#8217;EL-WEM. <a href=\"https:\/\/praxas.com\/it\/product\/registratori-di-dati\/qualita-dellaria\/el-wem\/\" data-type=\"link\" data-id=\"https:\/\/praxas.com\/product\/data-loggers\/air-quality\/easylog-el-wem\/\"><strong>EL-WEM<\/strong><\/a> e <a href=\"https:\/\/praxas.com\/it\/product\/registratori-di-dati\/qualita-dellaria\/el-wem-2\/\" data-type=\"link\" data-id=\"https:\/\/praxas.com\/product\/data-loggers\/air-quality\/easylog-el-wemplus\/\"><strong>EL-WEM+<\/strong><\/a> che monitorano efficacemente i livelli di VOC, particolato e<sub>CO2<\/sub>, garantendo un ambiente interno sano per i partecipanti agli eventi.<\/p>\n\n<h3 class=\"wp-block-heading has-text-color has-link-color wp-elements-7abf5512d7a797ea62d0da485b03a6e9\" style=\"color:#075e8d\"><strong>L&#8217;impatto della diminuzione della qualit\u00e0 dell&#8217;aria esterna<\/strong><\/h3>\n\n<p>Gli incendi selvaggi emettono inquinanti pericolosi, tra cui composti organici volatili (VOC), particolato fine (PM2,5) e anidride carbonica (<sub>CO2<\/sub>). Questi inquinanti possono infiltrarsi negli spazi interni durante i periodi di compromissione della qualit\u00e0 dell&#8217;aria esterna. L&#8217;inalazione di questi contaminanti comporta rischi per la salute come problemi respiratori, irritazione degli occhi, mal di testa e aggravamento di condizioni preesistenti. Di conseguenza, dare priorit\u00e0 <strong><a href=\"https:\/\/praxas.com\/it\/categoria-prodotto\/registratori-di-dati\/qualita-dellaria\/\" data-type=\"link\" data-id=\"https:\/\/praxas.com\/product-category\/data-loggers\/air-quality\/\">il monitoraggio della qualit\u00e0 dell&#8217;aria interna<\/a><\/strong> durante gli eventi \u00e8 essenziale.<\/p>\n\n<p>Risposte adattive: Il monitoraggio in tempo reale della qualit\u00e0 dell&#8217;aria interna facilita le risposte immediate alle variazioni dei livelli di inquinanti. Con i dispositivi EL-WEM e EL-WEM+, i sistemi di filtrazione dell&#8217;aria e la ventilazione possono essere regolati tempestivamente per mantenere gli standard ottimali di qualit\u00e0 dell&#8217;aria. I partecipanti possono anche essere informati sulle condizioni della qualit\u00e0 dell&#8217;aria, consentendo loro di prendere le precauzioni necessarie e garantendo la trasparenza.<\/p>\n\n<figure class=\"wp-block-image alignleft\"><img loading=\"lazy\" decoding=\"async\" width=\"300\" height=\"173\" src=\"https:\/\/praxas.com\/wp-content\/uploads\/News-el-wem-tech-image-300x173.jpg\" alt=\"Monitoraggio della qualit&#xE0; dell'aria, Monitoraggio della qualit&#xE0; dell'aria interna nelle aree colpite dagli incendi boschivi\" class=\"wp-image-11431\" srcset=\"https:\/\/praxas.com\/wp-content\/uploads\/News-el-wem-tech-image-300x173.jpg 300w, https:\/\/praxas.com\/wp-content\/uploads\/News-el-wem-tech-image-120x69.jpg 120w, https:\/\/praxas.com\/wp-content\/uploads\/News-el-wem-tech-image-441x255.jpg 441w, https:\/\/praxas.com\/wp-content\/uploads\/News-el-wem-tech-image-150x87.jpg 150w, https:\/\/praxas.com\/wp-content\/uploads\/News-el-wem-tech-image.jpg 594w\" sizes=\"auto, (max-width: 300px) 100vw, 300px\" \/><\/figure>\n\n<h3 class=\"wp-block-heading has-text-color has-link-color wp-elements-257a6fbb7d84a1abb17f7336215f4b67\" style=\"color:#075e8d\"><strong>Presentazione della soluzione EL-WEM e EL-WEM+<\/strong><\/h3>\n\n<p>I dispositivi EL-WEM e EL-WEM+ sono soluzioni all&#8217;avanguardia progettate per monitorare la qualit\u00e0 dell&#8217;aria interna e fornire dati completi sui livelli di VOC, particolato e<sub>CO2<\/sub>. Questi dispositivi offrono i seguenti vantaggi:<\/p>\n\n<div style=\"height:10px\" aria-hidden=\"true\" class=\"wp-block-spacer\"><\/div>\n\n<p><strong>Monitoraggio accurato:<\/strong> I dispositivi EL-WEM e EL-WEM+ utilizzano sensori avanzati per misurare con precisione le concentrazioni di VOC, particolato e<sub>CO2<\/sub> in tempo reale. Questi dati accurati consentono di prendere decisioni efficaci in merito alla gestione della qualit\u00e0 dell&#8217;aria interna.<\/p>\n\n<p><strong>Connettivit\u00e0 wireless:<\/strong> Entrambi i dispositivi offrono una connettivit\u00e0 wireless che consente una perfetta integrazione con i sistemi di monitoraggio esistenti. I dati raccolti dai dispositivi EL-WEM e EL-WEM+ possono essere facilmente consultati e analizzati, facilitando la gestione proattiva della qualit\u00e0 dell&#8217;aria.<\/p>\n\n<p><strong>Meccanismi di allerta:<\/strong> I dispositivi EL-WEM e EL-WEM+ sono dotati di meccanismi di allarme personalizzabili che avvisano gli organizzatori e il personale degli eventi quando i livelli di inquinanti superano soglie predeterminate. Questi avvisi tempestivi consentono di intervenire prontamente per mantenere condizioni ottimali di qualit\u00e0 dell&#8217;aria interna.<\/p>\n\n<p><strong>Analisi dei dati storici:<\/strong> I dispositivi memorizzano i dati storici, consentendo un&#8217;analisi completa delle tendenze della qualit\u00e0 dell&#8217;aria nel tempo. Quest&#8217;analisi aiuta a identificare i modelli e le potenziali aree di miglioramento delle strategie di gestione della qualit\u00e0 dell&#8217;aria interna.<\/p>\n\n<figure class=\"wp-block-image alignright\"><img loading=\"lazy\" decoding=\"async\" width=\"300\" height=\"209\" src=\"https:\/\/praxas.com\/wp-content\/uploads\/News-el-wem-image-300x209.jpg\" alt=\"donne con monitor della qualit&#xE0; dell'aria\" class=\"wp-image-11430\" srcset=\"https:\/\/praxas.com\/wp-content\/uploads\/News-el-wem-image-300x209.jpg 300w, https:\/\/praxas.com\/wp-content\/uploads\/News-el-wem-image-768x534.jpg 768w, https:\/\/praxas.com\/wp-content\/uploads\/News-el-wem-image-120x83.jpg 120w, https:\/\/praxas.com\/wp-content\/uploads\/News-el-wem-image-990x688.jpg 990w, https:\/\/praxas.com\/wp-content\/uploads\/News-el-wem-image-441x306.jpg 441w, https:\/\/praxas.com\/wp-content\/uploads\/News-el-wem-image-800x556.jpg 800w, https:\/\/praxas.com\/wp-content\/uploads\/News-el-wem-image-150x104.jpg 150w, https:\/\/praxas.com\/wp-content\/uploads\/News-el-wem-image.jpg 1000w\" sizes=\"auto, (max-width: 300px) 100vw, 300px\" \/><\/figure>\n\n<p>Il monitoraggio della qualit\u00e0 dell&#8217;aria interna \u00e8 di estrema importanza durante gli eventi che si tengono in aree colpite da incendi e con una qualit\u00e0 dell&#8217;aria esterna compromessa. Il <strong><a href=\"https:\/\/praxas.com\/it\/product\/registratori-di-dati\/qualita-dellaria\/el-wem\/\" data-type=\"link\" data-id=\"https:\/\/praxas.com\/product\/data-loggers\/air-quality\/easylog-el-wem\/\">EL-WEM<\/a><\/strong> e <strong><a href=\"https:\/\/praxas.com\/it\/product\/registratori-di-dati\/qualita-dellaria\/el-wem-2\/\" data-type=\"link\" data-id=\"https:\/\/praxas.com\/product\/data-loggers\/air-quality\/easylog-el-wemplus\/\">EL-WEM+<\/a><\/strong> disponibili presso Praxas, offrono una soluzione innovativa per monitorare efficacemente i livelli di VOC, particolato e<sub>CO2<\/sub>, garantendo un ambiente interno sano e sicuro per i partecipanti agli eventi. Implementando questi dispositivi insieme a un&#8217;adeguata filtrazione dell&#8217;aria, a sistemi di ventilazione e a un monitoraggio in tempo reale, gli organizzatori di eventi possono gestire in modo proattivo la qualit\u00e0 dell&#8217;aria interna, riducendo al minimo i potenziali rischi per la salute associati agli inquinanti legati agli incendi. Dare priorit\u00e0 al benessere dei partecipanti attraverso una gestione completa della qualit\u00e0 dell&#8217;aria rimane fondamentale per creare eventi sicuri e di successo.<\/p>\n","protected":false},"excerpt":{"rendered":"<p>Nelle regioni colpite dagli incendi boschivi, il diminuzione della qualit\u00e0 dell&#8217;aria esterna richiede una maggiore attenzione agli ambienti interni, soprattutto durante gli eventi e le conferenze. Il monitoraggio della qualit\u00e0 dell&#8217;aria interna nelle aree colpite dagli incendi diventa fondamentale per proteggere il benessere dei partecipanti. In questo articolo sottolineeremo l&#8217;importanza del monitoraggio della qualit\u00e0 dell&#8217;aria [&hellip;]<\/p>\n","protected":false},"author":4,"featured_media":35574,"comment_status":"closed","ping_status":"closed","sticky":false,"template":"","format":"standard","meta":{"_acf_changed":false,"content-type":"","_uag_custom_page_level_css":"","footnotes":""},"categories":[1966],"tags":[],"class_list":["post-35571","post","type-post","status-publish","format-standard","has-post-thumbnail","hentry","category-notizie"],"acf":[],"spectra_custom_meta":{"_encloseme":["1"],"_top_nav_excluded":[""],"_cms_nav_minihome":[""],"_thumbnail_id":["35574"],"_last_translation_edit_mode":["translation-editor"],"rank_math_primary_category":["145","145"],"_wpml_word_count":["754"],"rank_math_title":["  Qualit\u00e0 dell'aria in caso di incendi selvaggi"],"rank_math_description":["Il monitoraggio della qualit\u00e0 dell'aria interna nelle aree colpite dagli incendi \u00e8 fondamentale per salvaguardare il benessere delle persone durante gli eventi a causa del recente declino della qualit\u00e0 dell'aria."],"rank_math_focus_keyword":["Qualit\u00e0 dell'aria interna nelle aree colpite dagli incendi boschivi"],"_uag_css_file_name":["uag-css-35571.css"],"_uag_page_assets":["a:9:{s:3:\"css\";s:0:\"\";s:2:\"js\";s:0:\"\";s:18:\"current_block_list\";a:4:{i:0;s:14:\"core\/paragraph\";i:1;s:12:\"core\/heading\";i:2;s:10:\"core\/image\";i:3;s:11:\"core\/spacer\";}s:8:\"uag_flag\";b:0;s:11:\"uag_version\";s:10:\"1777052440\";s:6:\"gfonts\";a:0:{}s:10:\"gfonts_url\";s:0:\"\";s:12:\"gfonts_files\";a:0:{}s:14:\"uag_faq_layout\";b:0;}"]},"uagb_featured_image_src":{"full":["https:\/\/praxas.com\/wp-content\/uploads\/EL-WEM-Main.jpg",1200,630,false],"thumbnail":["https:\/\/praxas.com\/wp-content\/uploads\/EL-WEM-Main-150x150.jpg",150,150,true],"medium":["https:\/\/praxas.com\/wp-content\/uploads\/EL-WEM-Main-300x158.jpg",300,158,true],"medium_large":["https:\/\/praxas.com\/wp-content\/uploads\/EL-WEM-Main-768x403.jpg",768,403,true],"large":["https:\/\/praxas.com\/wp-content\/uploads\/EL-WEM-Main-1024x538.jpg",1024,538,true],"1536x1536":["https:\/\/praxas.com\/wp-content\/uploads\/EL-WEM-Main.jpg",1200,630,false],"2048x2048":["https:\/\/praxas.com\/wp-content\/uploads\/EL-WEM-Main.jpg",1200,630,false],"crunchify-admin-post-featured-image":["https:\/\/praxas.com\/wp-content\/uploads\/EL-WEM-Main-120x63.jpg",120,63,true],"commercegurus-pdp-large":["https:\/\/praxas.com\/wp-content\/uploads\/EL-WEM-Main-990x520.jpg",990,520,true],"commercegurus-plp-mobile":["https:\/\/praxas.com\/wp-content\/uploads\/EL-WEM-Main-441x232.jpg",441,232,true],"cgkit_image_swatch":["https:\/\/praxas.com\/wp-content\/uploads\/EL-WEM-Main-100x100.jpg",100,100,true],"woocommerce_thumbnail":["https:\/\/praxas.com\/wp-content\/uploads\/EL-WEM-Main-300x158.jpg",300,158,true],"woocommerce_single":["https:\/\/praxas.com\/wp-content\/uploads\/EL-WEM-Main-800x420.jpg",800,420,true],"woocommerce_gallery_thumbnail":["https:\/\/praxas.com\/wp-content\/uploads\/EL-WEM-Main-150x79.jpg",150,79,true]},"uagb_author_info":{"display_name":"Beth Foord","author_link":"https:\/\/praxas.com\/it\/author\/beth\/"},"uagb_comment_info":0,"uagb_excerpt":"Nelle regioni colpite dagli incendi boschivi, il diminuzione della qualit\u00e0 dell&#8217;aria esterna richiede una maggiore attenzione agli ambienti interni, soprattutto durante gli eventi e le conferenze. Il monitoraggio della qualit\u00e0 dell&#8217;aria interna nelle aree colpite dagli incendi diventa fondamentale per proteggere il benessere dei partecipanti. In questo articolo sottolineeremo l&#8217;importanza del monitoraggio della qualit\u00e0 dell&#8217;aria&hellip;","_links":{"self":[{"href":"https:\/\/praxas.com\/it\/wp-json\/wp\/v2\/posts\/35571","targetHints":{"allow":["GET"]}}],"collection":[{"href":"https:\/\/praxas.com\/it\/wp-json\/wp\/v2\/posts"}],"about":[{"href":"https:\/\/praxas.com\/it\/wp-json\/wp\/v2\/types\/post"}],"author":[{"embeddable":true,"href":"https:\/\/praxas.com\/it\/wp-json\/wp\/v2\/users\/4"}],"replies":[{"embeddable":true,"href":"https:\/\/praxas.com\/it\/wp-json\/wp\/v2\/comments?post=35571"}],"version-history":[{"count":4,"href":"https:\/\/praxas.com\/it\/wp-json\/wp\/v2\/posts\/35571\/revisions"}],"predecessor-version":[{"id":53259,"href":"https:\/\/praxas.com\/it\/wp-json\/wp\/v2\/posts\/35571\/revisions\/53259"}],"wp:featuredmedia":[{"embeddable":true,"href":"https:\/\/praxas.com\/it\/wp-json\/wp\/v2\/media\/35574"}],"wp:attachment":[{"href":"https:\/\/praxas.com\/it\/wp-json\/wp\/v2\/media?parent=35571"}],"wp:term":[{"taxonomy":"category","embeddable":true,"href":"https:\/\/praxas.com\/it\/wp-json\/wp\/v2\/categories?post=35571"},{"taxonomy":"post_tag","embeddable":true,"href":"https:\/\/praxas.com\/it\/wp-json\/wp\/v2\/tags?post=35571"}],"curies":[{"name":"wp","href":"https:\/\/api.w.org\/{rel}","templated":true}]}}